{"id":33923,"date":"2019-05-12T16:58:35","date_gmt":"2019-05-12T20:58:35","guid":{"rendered":"https:\/\/linitiative.ca\/International\/projets-de-developpement-la-banque-mondiale-accorde-137-milliards-au-burkina-faso\/"},"modified":"2019-05-12T16:58:35","modified_gmt":"2019-05-12T20:58:35","slug":"projets-de-developpement-la-banque-mondiale-accorde-137-milliards-au-burkina-faso","status":"publish","type":"post","link":"https:\/\/linitiative.ca\/International\/projets-de-developpement-la-banque-mondiale-accorde-137-milliards-au-burkina-faso\/","title":{"rendered":"Projets de d\u00e9veloppement : la Banque mondiale accorde  137 milliards au Burkina Faso"},"content":{"rendered":"<div class=\"td-post-featured-image\"><a href=\"https:\/\/i1.wp.com\/www.sidwaya.info\/wp-content\/uploads\/2019\/05\/1-31.jpg?fit=738%2C493&#038;ssl=1\" data-caption=\"\"><img loading=\"lazy\" decoding=\"async\" width=\"696\" height=\"465\" class=\"entry-thumb td-modal-image\" src=\"https:\/\/i1.wp.com\/www.sidwaya.info\/wp-content\/uploads\/2019\/05\/1-31.jpg?resize=696%2C465&#038;ssl=1\" srcset=\"https:\/\/i1.wp.com\/www.sidwaya.info\/wp-content\/uploads\/2019\/05\/1-31.jpg?w=738&#038;ssl=1 738w, https:\/\/i1.wp.com\/www.sidwaya.info\/wp-content\/uploads\/2019\/05\/1-31.jpg?resize=300%2C200&#038;ssl=1 300w, https:\/\/i1.wp.com\/www.sidwaya.info\/wp-content\/uploads\/2019\/05\/1-31.jpg?resize=696%2C465&#038;ssl=1 696w, https:\/\/i1.wp.com\/www.sidwaya.info\/wp-content\/uploads\/2019\/05\/1-31.jpg?resize=629%2C420&#038;ssl=1 629w\" sizes=\"auto, (max-width: 696px) 100vw, 696px\" alt=\"\" title=\"1\"\/><\/a><\/div>\n<div class=\"td-a-rec td-a-rec-id-content_top td_uid_30_5cd893b0516c9_rand td_block_template_1\"><img loading=\"lazy\" decoding=\"async\" class=\"aligncenter size-full wp-image-4463\" src=\"https:\/\/www.sidwaya.info\/wp-content\/uploads\/2019\/02\/FESPACO-TOUR-2019-Bannie%CC%80re-728x90-1.jpg\" alt=\"\" width=\"728\" height=\"90\"\/><\/div>\n<p><strong>Le minist\u00e8re de l\u2019Economie, des Finances et du D\u00e9veloppement et la Banque mondiale ont sign\u00e9 une convention de pr\u00eat, le 10 mai 2019 \u00e0 Ouagadougou. A travers ce geste, l\u2019institution financi\u00e8re met \u00e0 la disposition du Burkina Faso environ 137 milliards F CFA pour la mise en \u0153uvre de deux projets de d\u00e9veloppement.<\/strong><\/p>\n<p>Les projets de Centres d\u2019excellence africains (CEA) et d\u2019inclusion financi\u00e8re vont b\u00e9n\u00e9ficier d\u2019une enveloppe de 137 milliards F CFA de la part de la Banque mondiale (BM). Une part de l\u2019enveloppe va servir aussi d\u2019appui budg\u00e9taire. En effet, le minist\u00e8re de l\u2019Economie, des finances et du d\u00e9veloppement et la BM ont sign\u00e9 une convention de pr\u00eat, le vendredi 10 mai 2019 \u00e0 Ouagadougou. A entendre le repr\u00e9sentant-r\u00e9sident de la BM au Burkina Faso, Cheick F. Kant\u00e9, son institution compte accorder une s\u00e9rie de trois tranches au pays des Hommes int\u00e8gres sur la p\u00e9riode 2019-2021.<\/p>\n<p>Il a ajout\u00e9 que le premier accord de financement, relatif \u00e0 la premi\u00e8re op\u00e9ration de la s\u00e9rie d\u2019appuis aux politiques de d\u00e9veloppement, couramment appel\u00e9 appui budg\u00e9taire, est d\u2019environ 59 milliards F CFA. \u00abIl vise \u00e0 soutenir le programme de r\u00e9forme du gouvernement qui s\u2019articule autour de trois piliers, \u00e0 savoir am\u00e9liorer la mobilisation des ressources int\u00e9rieures et l\u2019efficacit\u00e9 des d\u00e9penses publiques ; encourager une croissance plus inclusive valorisant la productivit\u00e9 de l\u2019exploitation mini\u00e8re artisanale et de l\u2019\u00e9levage, tout en limitant les risques et les dommages environnementaux et enfin celui ax\u00e9 sur la r\u00e9duction des disparit\u00e9s spatiales et des in\u00e9galit\u00e9s sociales par l\u2019am\u00e9lioration de l\u2019acc\u00e8s universel et de la qualit\u00e9 des services de sant\u00e9\u00bb, a-t-il d\u00e9clar\u00e9. Selon M. Kant\u00e9, des r\u00e9formes ont \u00e9t\u00e9 soutenues dans des domaines importants tels que la fiscalit\u00e9, la gestion des investissements publics, l\u2019\u00e9levage, les mines artisanales et la sant\u00e9. Le deuxi\u00e8me accord de financement, a-t-il confi\u00e9, concerne le projet de CEA d\u2019un montant de 19,5 milliards FCFA. Il vise \u00e0 soutenir la formation et la recherche appliqu\u00e9e dans les disciplines scientifiques, technologiques et les math\u00e9matiques. Selon lui, celles-ci sont essentielles au d\u00e9veloppement des capacit\u00e9s techniques des pays africains, mais connaissent de grandes p\u00e9nuries en Afrique.<\/p>\n<p>Pour le repr\u00e9sentant-r\u00e9sident de la Banque mondiale, ce projet rassemble \u00e9galement les institutions communautaires sous r\u00e9gionales, notamment la CEDEAO et l\u2019UEMOA comme principaux soutiens. Le troisi\u00e8me accord, a-t-il affirm\u00e9, s\u2019\u00e9l\u00e8ve \u00e0 59 milliards FCFA et concerne le Projet d\u2019appui \u00e0 l\u2019inclusion financi\u00e8re au Burkina Faso (PAIF). Son objectif, a-t-il expliqu\u00e9, est d\u2019accro\u00eetre et faciliter l\u2019acc\u00e8s aux services financiers num\u00e9riques et l\u2019acc\u00e8s aux cr\u00e9dits pour des b\u00e9n\u00e9ficiaires cibl\u00e9s. Le ministre de l\u2019Economie, des Finances et du D\u00e9veloppement, Lassan\u00e9 Kabor\u00e9, a r\u00e9it\u00e9r\u00e9, pour sa part, sa disponibilit\u00e9 \u00e0 faire en sorte que ses services puissent contribuer efficacement \u00e0 la mise en \u0153uvre des actions identifi\u00e9es pour l\u2019atteinte des objectifs qu\u2019ils se sont fix\u00e9s dans le cadre de ces projets et dans les d\u00e9lais convenus. Il a \u00e9galement t\u00e9moign\u00e9 sa gratitude \u00e0 la BM pour ses multiples soutiens.<\/p>\n<p class=\"c1\"><strong>Dawara Sylvie SOU<\/strong><br \/><strong>(Stagiaire)<\/strong><\/p>\n<div class=\"td-a-rec td-a-rec-id-content_bottom td_uid_31_5cd893b051874_rand td_block_template_1\"><img loading=\"lazy\" decoding=\"async\" class=\"alignright size-full wp-image-1724\" src=\"https:\/\/www.sidwaya.info\/wp-content\/uploads\/2018\/12\/sidwaya-pub.jpg\" alt=\"\" width=\"720\" height=\"90\"\/><\/div>\n<p>Auteur: DD. Sidwaya<br \/>\n<a href=\"https:\/\/www.sidwaya.info\/blog\/2019\/05\/12\/projets-de-developpement-la-banque-mondiale-accorde-137-milliards-au-burkina-faso\/\">Cliquez ici pour lire l&rsquo;article depuis sa source.<\/a><\/p>\n","protected":false},"excerpt":{"rendered":"<p>Le minist\u00e8re de l\u2019Economie, des Finances et du D\u00e9veloppement et la Banque mondiale ont sign\u00e9 une convention de pr\u00eat, le 10 mai 2019 \u00e0 Ouagadougou. A travers ce geste, l\u2019institution financi\u00e8re met \u00e0 la disposition du Burkina Faso environ 137 milliards F CFA pour la mise en \u0153uvre de deux projets de d\u00e9veloppement. Les projets [&hellip;]<\/p>\n","protected":false},"author":1816,"featured_media":0,"comment_status":"closed","ping_status":"closed","sticky":false,"template":"","format":"standard","meta":{"fifu_image_url":"","fifu_image_alt":"","footnotes":""},"categories":[73,81],"tags":[],"class_list":["post-33923","post","type-post","status-publish","format-standard","hentry","category-actualite","category-burkina-faso"],"_links":{"self":[{"href":"https:\/\/linitiative.ca\/International\/wp-json\/wp\/v2\/posts\/33923","targetHints":{"allow":["GET"]}}],"collection":[{"href":"https:\/\/linitiative.ca\/International\/wp-json\/wp\/v2\/posts"}],"about":[{"href":"https:\/\/linitiative.ca\/International\/wp-json\/wp\/v2\/types\/post"}],"author":[{"embeddable":true,"href":"https:\/\/linitiative.ca\/International\/wp-json\/wp\/v2\/users\/1816"}],"replies":[{"embeddable":true,"href":"https:\/\/linitiative.ca\/International\/wp-json\/wp\/v2\/comments?post=33923"}],"version-history":[{"count":0,"href":"https:\/\/linitiative.ca\/International\/wp-json\/wp\/v2\/posts\/33923\/revisions"}],"wp:attachment":[{"href":"https:\/\/linitiative.ca\/International\/wp-json\/wp\/v2\/media?parent=33923"}],"wp:term":[{"taxonomy":"category","embeddable":true,"href":"https:\/\/linitiative.ca\/International\/wp-json\/wp\/v2\/categories?post=33923"},{"taxonomy":"post_tag","embeddable":true,"href":"https:\/\/linitiative.ca\/International\/wp-json\/wp\/v2\/tags?post=33923"}],"curies":[{"name":"wp","href":"https:\/\/api.w.org\/{rel}","templated":true}]}}