{"id":33924,"date":"2019-05-12T17:10:40","date_gmt":"2019-05-12T21:10:40","guid":{"rendered":"https:\/\/linitiative.ca\/International\/galian-2019-quatre-laureats-six-prix-pour-sidwaya\/"},"modified":"2019-05-12T17:10:40","modified_gmt":"2019-05-12T21:10:40","slug":"galian-2019-quatre-laureats-six-prix-pour-sidwaya","status":"publish","type":"post","link":"https:\/\/linitiative.ca\/International\/galian-2019-quatre-laureats-six-prix-pour-sidwaya\/","title":{"rendered":"Galian 2019 : quatre laur\u00e9ats, six prix pour Sidwaya"},"content":{"rendered":"<div class=\"td-post-featured-image\"><a href=\"https:\/\/i0.wp.com\/www.sidwaya.info\/wp-content\/uploads\/2019\/05\/1-32.jpg?fit=738%2C493&#038;ssl=1\" data-caption=\"\"><img loading=\"lazy\" decoding=\"async\" width=\"696\" height=\"465\" class=\"entry-thumb td-modal-image\" src=\"https:\/\/i0.wp.com\/www.sidwaya.info\/wp-content\/uploads\/2019\/05\/1-32.jpg?resize=696%2C465&#038;ssl=1\" srcset=\"https:\/\/i0.wp.com\/www.sidwaya.info\/wp-content\/uploads\/2019\/05\/1-32.jpg?w=738&#038;ssl=1 738w, https:\/\/i0.wp.com\/www.sidwaya.info\/wp-content\/uploads\/2019\/05\/1-32.jpg?resize=300%2C200&#038;ssl=1 300w, https:\/\/i0.wp.com\/www.sidwaya.info\/wp-content\/uploads\/2019\/05\/1-32.jpg?resize=696%2C465&#038;ssl=1 696w, https:\/\/i0.wp.com\/www.sidwaya.info\/wp-content\/uploads\/2019\/05\/1-32.jpg?resize=629%2C420&#038;ssl=1 629w\" sizes=\"auto, (max-width: 696px) 100vw, 696px\" alt=\"\" title=\"1\"\/><\/a><\/div>\n<div class=\"td-a-rec td-a-rec-id-content_top td_uid_30_5cd893b337a79_rand td_block_template_1\"><img loading=\"lazy\" decoding=\"async\" class=\"aligncenter size-full wp-image-4463\" src=\"https:\/\/www.sidwaya.info\/wp-content\/uploads\/2019\/02\/FESPACO-TOUR-2019-Bannie%CC%80re-728x90-1.jpg\" alt=\"\" width=\"728\" height=\"90\"\/><\/div>\n<p><strong>Les prix Galian, qui r\u00e9compensent chaque ann\u00e9e les meilleures \u0153uvres journalistiques ont livr\u00e9 leur verdict, dans la nuit du 11 mai 2019, \u00e0 la salle des banquets de Ouaga 2000. Pour cette 22e \u00e9dition, le Super Galian est revenu au journaliste Hugues Richard Sama du journal l\u2019Observateur Paalga.<\/strong><\/p>\n<p>Hugues Richard Sama du journal L\u2019Observateur Paalga est le Super Galian 2019. Il succ\u00e8de \u00e0 Dabadi Zoumbara, vainqueur de l\u2019\u00e9dition pr\u00e9c\u00e9dente. Il a remport\u00e9 ce prestigieux prix avec ces deux reportages intitul\u00e9s : \u00abEchangeur du Nord : Pour aller \u00e0 Larl\u00e9, on monte ou on descend ?\u00bb et \u00abPrise en charge des d\u00e9ficients mentaux dans le Nord : le sacerdoce fou des vagabonds de la charit\u00e9\u00bb.<\/p>\n<p>Hugues Sama, devient le 3e laur\u00e9at du Super Galian, institu\u00e9 depuis la 21e \u00e9dition, en 2017. En plus du troph\u00e9e et la somme de 3 millions F CFA, il a re\u00e7u une villa d\u2019une valeur de 20 millions F CFA, un billet d\u2019avion et une moto, lors de la 22e Nuit des Galian, le 11 mai 2019. \u00abC\u2019est une surprise pour moi, vu que je n\u2019ai que trois ans d\u2019exp\u00e9rience. En Afrique, on aime souvent dire aux jeunes de savoir \u00eatre patients. De ce point de vue, \u00eatre tout de suite propuls\u00e9 au-devant de la sc\u00e8ne a quelque chose de d\u00e9concertant\u00bb, a-t-il confi\u00e9. Mais au-del\u00e0 de sa modeste personne, ce prix honore les jeunes journa-listes qui sont dans les r\u00e9dactions, a-t-il soulign\u00e9.<\/p>\n<p>\u00abJ\u2019ai une pens\u00e9e pour tous ceux qui, de pr\u00e8s ou de loin, ont contribu\u00e9 au r\u00e9sultat de ce soir. Je pense particuli\u00e8rement au directeur des r\u00e9dactions, au r\u00e9dacteur en chef, au premier responsable du journal et \u00e0 tout le personnel, car le journalisme est un travail \u00e0 la cha\u00eene\u00bb, a-t-il soutenu. A cette soir\u00e9e de distinction, des prix sp\u00e9ciaux et officiels ont \u00e9t\u00e9 remis aux professionnels des m\u00e9dias.<\/p>\n<p>Maintenir la flamme du professionnalisme<\/p>\n<p>Pour le patron de la 22e \u00e9dition des Galian, le pr\u00e9sident de l\u2019Assembl\u00e9e nationale, Alassane Sakand\u00e9, la c\u00e9l\u00e9bration de l\u2019excellence dans le journalisme m\u00e9rite d\u2019\u00eatre soutenue au regard de la place des m\u00e9dias dans le processus d\u00e9mocratique. \u00abL\u2019Assembl\u00e9e nationale est le temple de la d\u00e9mocratie. Et d\u00e9mocratie rime avec information.<\/p>\n<p>Les hommes de m\u00e9dias participent au renforcement de la d\u00e9mocratie en permettant au peuple d\u2019avoir l\u2019information juste, vraie\u00bb, a-t-il affirm\u00e9. Et le respect de l\u2019\u00e9thique et de la d\u00e9ontologie est capital pour la construction d\u2019une d\u00e9mocratie v\u00e9ritable, a ajout\u00e9 le ministre de la Communication, R\u00e9mis Fulgance Dandjinou. \u00abLes prix Galian qu\u2019organise chaque ann\u00e9e mon d\u00e9partement visent, non seulement une saine \u00e9mulation entre les professionnels, mais aussi et surtout \u00e0 renforcer le professionnalisme dans les m\u00e9dias\u00bb, a-t-il expliqu\u00e9.<\/p>\n<p>Pour la pr\u00e9sidence d\u2019honneur de la premi\u00e8re directrice de la Volta-Vision (actuelle t\u00e9l\u00e9vision nationale), Odette Bess\u00e9, cette \u00e9dition des Galian a enregistr\u00e9 168 candidatures, soit 336 \u0153uvres pour 34 prix Galian, un Super Galian et une quinzaine de prix sp\u00e9ciaux. Au-del\u00e0 de la qualit\u00e9 des \u0153uvres produites, les diff\u00e9rents jurys ont relev\u00e9 quelques manquements que les postulants doivent travailler \u00e0 corriger. Il s\u2019agit, entre autres, de la confusion des genres journalistiques, l\u2019insuffisance de culture g\u00e9n\u00e9rale, la mauvaise formulation des titres et le non-respect des crit\u00e8res du concours.<\/p>\n<p class=\"c1\"><strong>Mahamadi SEBOGO<\/strong><\/p>\n<p class=\"c2\"><strong>Des laur\u00e9ats de Sidwaya s\u2019expriment<\/strong><\/p>\n<p><strong>A l\u2019issue de la c\u00e9r\u00e9monie, des laur\u00e9ats des Editions Sidawaya ont manifest\u00e9 leur joie et reconnaissance.<\/strong><\/p>\n<p><strong>Habibata Wara<\/strong>, prix sp\u00e9cial Nestl\u00e9 : \u00abC\u2019est bon pour le moral\u00bb<br \/>\u00abJe voudrais rendre gr\u00e2ce \u00e0 Dieu pour m\u2019avoir accord\u00e9 la chance de remporter ce prix. Mes efforts ont \u00e9t\u00e9 couronn\u00e9s de succ\u00e8s. C\u2019est bon pour le moral. La premi\u00e8re \u0153uvre prim\u00e9e parle de l\u2019insalubrit\u00e9 criante qui s\u2019est install\u00e9e dans la ville de Ouagadougou. La seconde fait cas de la gal\u00e8re des Ouagalais pour s\u2019acheter un sac de 50 kg de ma\u00efs subventionn\u00e9 dans les boutiques t\u00e9moins de la SONAGESS (Soci\u00e9t\u00e9 nationale de gestion du stock de s\u00e9curit\u00e9 alimentaire). Une telle souffrance est la cons\u00e9quence de la campagne agricole 2017-2018 d\u00e9ficitaire. Je dis merci \u00e0 Nestl\u00e9 pour ce prix. Ce sont les Editions Sidwaya qui gagnent et particuli\u00e8rement la r\u00e9daction de Carrefour Africain\u00bb.<\/p>\n<p><strong>Oumar Pat\u00e9n\u00e9ma Ou\u00e9-draogo<\/strong>, prix de la meilleure enqu\u00eate et prix sp\u00e9cial du droit humain \u00e0 l\u2019eau et \u00e0 l\u2019assainissement : \u00abCela fait plaisir d\u2019\u00eatre laur\u00e9at\u00bb.<br \/>\u00abCela fait plaisir d\u2019\u00eatre laur\u00e9at d\u2019un prix sp\u00e9cial et d\u2019un prix officiel en enqu\u00eate. Cela me fait oublier toute la mis\u00e8re et la gal\u00e8re que j\u2019ai d\u00fb endurer au cours de ces enqu\u00eates. Je remercie toute la cha\u00eene de production des Editions Sidwaya. C\u2019est bien vrai que je suis l\u2019auteur des articles, mais derri\u00e8re, il y a toute une \u00e9quipe qui a travaill\u00e9 pour qu\u2019on ait un produit final qui est le journal papier. C\u2019est le lieu pour moi de t\u00e9moigner \u00e0 tous les agents des Editions Sidwaya toute ma gratitude. Je remercie \u00e9galement le jury qui a port\u00e9 son choix sur mes \u0153uvres. J\u2019invite mes coll\u00e8gues journalistes \u00e0 pers\u00e9v\u00e9rer, car ils pourraient \u00eatre aussi laur\u00e9ats un jour\u00bb.<\/p>\n<p><strong>Abdel Aziz Nabaloum<\/strong>, prix sp\u00e9ciaux de la Chambre de commerce et de la Maison de l\u2019entreprise : \u00abJe d\u00e9die ces prix \u00e0 notre regrett\u00e9e Evelyne Douamba\u00bb.<br \/>\u00abJe suis anim\u00e9 d\u2019un double sentiment. C\u2019est d\u2019abord un sentiment de joie pour avoir eu ces lauriers. C\u2019est l\u2019occasion de dire merci \u00e0 tous mes collaborateurs qui partagent au quotidien leur savoir avec moi. Aussi, un grand merci \u00e0 tous les acteurs de l\u2019ombre pour leur contribution dans tout ce que nous faisons.<br \/>C\u2019est aussi un sentiment de tristesse, parce que cela fait un mois, jour pour jour, que nous avons perdu une amie, une coll\u00e8gue, une promotionnaire, Evelyne Douamba. Je lui d\u00e9die ces prix et l\u00e0 o\u00f9 elle se trouve qu\u2019elle sache que nous ne l\u2019oublierons jamais\u00bb.<\/p>\n<p class=\"c1\"><strong>Propos recueillis par M.S<\/strong><br \/><strong>A.Z<\/strong><\/p>\n<div class=\"td-a-rec td-a-rec-id-content_bottom td_uid_31_5cd893b337c1c_rand td_block_template_1\"><img loading=\"lazy\" decoding=\"async\" class=\"alignright size-full wp-image-1724\" src=\"https:\/\/www.sidwaya.info\/wp-content\/uploads\/2018\/12\/sidwaya-pub.jpg\" alt=\"\" width=\"720\" height=\"90\"\/><\/div>\n<p>Auteur: DD. Sidwaya<br \/>\n<a href=\"https:\/\/www.sidwaya.info\/blog\/2019\/05\/12\/galian-2019-quatre-laureats-six-prix-pour-sidwaya\/\">Cliquez ici pour lire l&rsquo;article depuis sa source.<\/a><\/p>\n","protected":false},"excerpt":{"rendered":"<p>Les prix Galian, qui r\u00e9compensent chaque ann\u00e9e les meilleures \u0153uvres journalistiques ont livr\u00e9 leur verdict, dans la nuit du 11 mai 2019, \u00e0 la salle des banquets de Ouaga 2000. Pour cette 22e \u00e9dition, le Super Galian est revenu au journaliste Hugues Richard Sama du journal l\u2019Observateur Paalga. Hugues Richard Sama du journal L\u2019Observateur Paalga [&hellip;]<\/p>\n","protected":false},"author":1816,"featured_media":0,"comment_status":"closed","ping_status":"closed","sticky":false,"template":"","format":"standard","meta":{"fifu_image_url":"","fifu_image_alt":"","footnotes":""},"categories":[73,81],"tags":[],"class_list":["post-33924","post","type-post","status-publish","format-standard","hentry","category-actualite","category-burkina-faso"],"_links":{"self":[{"href":"https:\/\/linitiative.ca\/International\/wp-json\/wp\/v2\/posts\/33924","targetHints":{"allow":["GET"]}}],"collection":[{"href":"https:\/\/linitiative.ca\/International\/wp-json\/wp\/v2\/posts"}],"about":[{"href":"https:\/\/linitiative.ca\/International\/wp-json\/wp\/v2\/types\/post"}],"author":[{"embeddable":true,"href":"https:\/\/linitiative.ca\/International\/wp-json\/wp\/v2\/users\/1816"}],"replies":[{"embeddable":true,"href":"https:\/\/linitiative.ca\/International\/wp-json\/wp\/v2\/comments?post=33924"}],"version-history":[{"count":0,"href":"https:\/\/linitiative.ca\/International\/wp-json\/wp\/v2\/posts\/33924\/revisions"}],"wp:attachment":[{"href":"https:\/\/linitiative.ca\/International\/wp-json\/wp\/v2\/media?parent=33924"}],"wp:term":[{"taxonomy":"category","embeddable":true,"href":"https:\/\/linitiative.ca\/International\/wp-json\/wp\/v2\/categories?post=33924"},{"taxonomy":"post_tag","embeddable":true,"href":"https:\/\/linitiative.ca\/International\/wp-json\/wp\/v2\/tags?post=33924"}],"curies":[{"name":"wp","href":"https:\/\/api.w.org\/{rel}","templated":true}]}}