{"id":33925,"date":"2019-05-12T17:17:13","date_gmt":"2019-05-12T21:17:13","guid":{"rendered":"https:\/\/linitiative.ca\/International\/vaincre-ensemble\/"},"modified":"2019-05-12T17:17:13","modified_gmt":"2019-05-12T21:17:13","slug":"vaincre-ensemble","status":"publish","type":"post","link":"https:\/\/linitiative.ca\/International\/vaincre-ensemble\/","title":{"rendered":"Vaincre ensemble"},"content":{"rendered":"<div class=\"td-post-featured-image\"><a href=\"https:\/\/i2.wp.com\/www.sidwaya.info\/wp-content\/uploads\/2019\/05\/1-33.jpg?fit=738%2C561&#038;ssl=1\" data-caption=\"\"><img loading=\"lazy\" decoding=\"async\" width=\"696\" height=\"529\" class=\"entry-thumb td-modal-image\" src=\"https:\/\/i2.wp.com\/www.sidwaya.info\/wp-content\/uploads\/2019\/05\/1-33.jpg?resize=696%2C529&#038;ssl=1\" srcset=\"https:\/\/i2.wp.com\/www.sidwaya.info\/wp-content\/uploads\/2019\/05\/1-33.jpg?w=738&#038;ssl=1 738w, https:\/\/i2.wp.com\/www.sidwaya.info\/wp-content\/uploads\/2019\/05\/1-33.jpg?resize=300%2C228&#038;ssl=1 300w, https:\/\/i2.wp.com\/www.sidwaya.info\/wp-content\/uploads\/2019\/05\/1-33.jpg?resize=80%2C60&#038;ssl=1 80w, https:\/\/i2.wp.com\/www.sidwaya.info\/wp-content\/uploads\/2019\/05\/1-33.jpg?resize=696%2C529&#038;ssl=1 696w, https:\/\/i2.wp.com\/www.sidwaya.info\/wp-content\/uploads\/2019\/05\/1-33.jpg?resize=553%2C420&#038;ssl=1 553w\" sizes=\"auto, (max-width: 696px) 100vw, 696px\" alt=\"\" title=\"1\"\/><\/a><\/div>\n<div class=\"td-a-rec td-a-rec-id-content_top td_uid_30_5cd893b5f2fc8_rand td_block_template_1\"><img loading=\"lazy\" decoding=\"async\" class=\"aligncenter size-full wp-image-4463\" src=\"https:\/\/www.sidwaya.info\/wp-content\/uploads\/2019\/02\/FESPACO-TOUR-2019-Bannie%CC%80re-728x90-1.jpg\" alt=\"\" width=\"728\" height=\"90\"\/><\/div>\n<p>Hier dimanche 12 mai, une \u00e9ni\u00e8me s\u00e9rie d\u2019attaques non revendiqu\u00e9es a sem\u00e9 la mort dans la commune de Dablo dans le Centre-Nord du pays. Le bilan, selon les autorit\u00e9s communales, fait \u00e9tat de six personnes tu\u00e9es, dont un pr\u00eatre et cinq fid\u00e8les catholiques au moment de la messe dominicale.<\/p>\n<p>Ainsi donc, des attaques revendiqu\u00e9es aux attaques anonymes, les repr\u00e9sentants de l\u2019Etat, et plus gravissime, des communaut\u00e9s religieuses en sont venues \u00e0 \u00eatre prises pour cibles. Comme en repr\u00e9sailles \u00e0 l\u2019intensification de la lutte contre l\u2019entreprise terroriste sur le sol burkinab\u00e8 depuis le d\u00e9clenchement de l\u2019op\u00e9ration \u00e0 succ\u00e8s \u00abOtapuanu\u00bb d\u00e9but mars 2019 dans les for\u00eats du grand Est et la lib\u00e9ration de quatre otages occidentaux des griffes des cellules terroristes par une action conjointe de nos Forces de d\u00e9fense et de s\u00e9curit\u00e9 (FDS) et de leurs homologues fran\u00e7ais et am\u00e9ricains. Face aux insidieux tirs au flan de l\u2019ennemi, qui esp\u00e8re saper le vivre-ensemble, la nation doit r\u00e9sister. Il faut imp\u00e9rativement pr\u00e9server la paix sociale.<\/p>\n<p>Cette paix qui ne va jamais de soi et sur laquelle il faut veiller pour d\u00e9celer tout ce qui mine, petit \u00e0 petit, les \u00e9quilibres ch\u00e8rement acquis et perturb\u00e9s, souvent involontairement, par ignorance ou par n\u00e9gligence. Il n\u2019est donc pas question de l\u00e2cher prise face \u00e0 la complexit\u00e9 \u00e9vidente de la donne s\u00e9curitaire actuelle.<\/p>\n<p>L\u2019ennemi tente de tisser sa toile sur la terre de nos anc\u00eatres, mais il ne parviendra pas face \u00e0 la bravoure du peuple. C\u2019est en cela, qu\u2019il faut saluer l\u2019accroissement des moyens et des capacit\u00e9s op\u00e9rationnelles des forces arm\u00e9es nationales, gr\u00e2ce notamment \u00e0 des appuis ext\u00e9rieurs. Cette action conjugu\u00e9e a permis d\u2019apporter une riposte cons\u00e9quente, qui a permis de tuer dans l\u2019\u0153uf des projets d\u2019attentats, de d\u00e9manteler et de neutraliser des cellules terroristes. Et plus r\u00e9cemment de mener avec succ\u00e8s des op\u00e9rations militaires en collaboration avec des pays amis. La lib\u00e9ration des otages fran\u00e7ais, sud-cor\u00e9en et am\u00e9ricain est la parfaite illustration de cette collaboration, qui devra se renforcer au fil du temps. De sources s\u00e9curitaires introduites, cette op\u00e9ration a \u00e9t\u00e9 men\u00e9e de bout en bout avec le d\u00e9tachement de l\u2019arm\u00e9e fran\u00e7aise et les forces sp\u00e9ciales burkinab\u00e8.<\/p>\n<p>Du suivi du convoi des ravisseurs depuis la fronti\u00e8re du Niger jusqu\u2019\u00e0 l\u2019assaut auquel 15 \u00e0 18 de nos \u00abboys\u00bb ont pris part, rien n\u2019a \u00e9t\u00e9 laiss\u00e9 au hasard. En amont, la collaboration entre l\u2019Agence nationale de renseignement (ANR) et la Direction g\u00e9n\u00e9rale des services ext\u00e9rieurs (DGSE) a tourn\u00e9 \u00e0 fond pour fournir, en liaison avec les services am\u00e9ricains, les renseignements op\u00e9rationnels qui ont permis de lib\u00e9rer les otages. Malheu-reusement, deux militaires fran\u00e7ais sont tomb\u00e9s sur le champ d\u2019honneur. Si l\u2019op\u00e9ration a \u00e9t\u00e9 un succ\u00e8s, de nombreuses questions taraudent les esprits. Y a-t-il eu des n\u00e9gociations pr\u00e9alables ou non avec les ravisseurs ? Sur quoi ont-elles but\u00e9 ? Pourquoi en est-on arriv\u00e9 \u00e0 une option militaire ?<\/p>\n<p>Les jours \u00e0 venir nous permettront, peut-\u00eatre, de lever un coin de voile sur ces questionnements. Il faut esp\u00e9rer que cette coop\u00e9ration militaire conjointe, voulue par le Burkina Faso au terme des accords du 17 d\u00e9cembre 2018, puisse se poursuivre dans d\u2019autres circonstances. Ce qui permettra de d\u00e9livrer, au besoin, d\u2019autres otages aux mains des groupes qui \u00e9cument le Sahel, depuis plusieurs ann\u00e9es et de r\u00e9duire l\u2019extr\u00e9misme et ses dangereuses d\u00e9rives communautaires.<\/p>\n<p class=\"c1\"><strong>Par Mahamadi TIEGNA<\/strong><\/p>\n<div class=\"td-a-rec td-a-rec-id-content_bottom td_uid_31_5cd893b5f3161_rand td_block_template_1\"><img loading=\"lazy\" decoding=\"async\" class=\"alignright size-full wp-image-1724\" src=\"https:\/\/www.sidwaya.info\/wp-content\/uploads\/2018\/12\/sidwaya-pub.jpg\" alt=\"\" width=\"720\" height=\"90\"\/><\/div>\n<p>Auteur: DD. Sidwaya<br \/>\n<a href=\"https:\/\/www.sidwaya.info\/blog\/2019\/05\/12\/vaincre-ensemble\/\">Cliquez ici pour lire l&rsquo;article depuis sa source.<\/a><\/p>\n","protected":false},"excerpt":{"rendered":"<p>Hier dimanche 12 mai, une \u00e9ni\u00e8me s\u00e9rie d\u2019attaques non revendiqu\u00e9es a sem\u00e9 la mort dans la commune de Dablo dans le Centre-Nord du pays. Le bilan, selon les autorit\u00e9s communales, fait \u00e9tat de six personnes tu\u00e9es, dont un pr\u00eatre et cinq fid\u00e8les catholiques au moment de la messe dominicale. Ainsi donc, des attaques revendiqu\u00e9es aux [&hellip;]<\/p>\n","protected":false},"author":1816,"featured_media":0,"comment_status":"closed","ping_status":"closed","sticky":false,"template":"","format":"standard","meta":{"fifu_image_url":"","fifu_image_alt":"","footnotes":""},"categories":[73,81],"tags":[],"class_list":["post-33925","post","type-post","status-publish","format-standard","hentry","category-actualite","category-burkina-faso"],"_links":{"self":[{"href":"https:\/\/linitiative.ca\/International\/wp-json\/wp\/v2\/posts\/33925","targetHints":{"allow":["GET"]}}],"collection":[{"href":"https:\/\/linitiative.ca\/International\/wp-json\/wp\/v2\/posts"}],"about":[{"href":"https:\/\/linitiative.ca\/International\/wp-json\/wp\/v2\/types\/post"}],"author":[{"embeddable":true,"href":"https:\/\/linitiative.ca\/International\/wp-json\/wp\/v2\/users\/1816"}],"replies":[{"embeddable":true,"href":"https:\/\/linitiative.ca\/International\/wp-json\/wp\/v2\/comments?post=33925"}],"version-history":[{"count":0,"href":"https:\/\/linitiative.ca\/International\/wp-json\/wp\/v2\/posts\/33925\/revisions"}],"wp:attachment":[{"href":"https:\/\/linitiative.ca\/International\/wp-json\/wp\/v2\/media?parent=33925"}],"wp:term":[{"taxonomy":"category","embeddable":true,"href":"https:\/\/linitiative.ca\/International\/wp-json\/wp\/v2\/categories?post=33925"},{"taxonomy":"post_tag","embeddable":true,"href":"https:\/\/linitiative.ca\/International\/wp-json\/wp\/v2\/tags?post=33925"}],"curies":[{"name":"wp","href":"https:\/\/api.w.org\/{rel}","templated":true}]}}