{"id":33934,"date":"2019-05-12T15:18:03","date_gmt":"2019-05-12T19:18:03","guid":{"rendered":"https:\/\/linitiative.ca\/International\/senegal-hausse-de-25-du-prix-du-kg-de-mais-en-mars\/"},"modified":"2019-05-12T15:18:03","modified_gmt":"2019-05-12T19:18:03","slug":"senegal-hausse-de-25-du-prix-du-kg-de-mais-en-mars","status":"publish","type":"post","link":"https:\/\/linitiative.ca\/International\/senegal-hausse-de-25-du-prix-du-kg-de-mais-en-mars\/","title":{"rendered":"S\u00e9n\u00e9gal : Hausse de 2,5% du prix du kg de ma\u00efs en mars"},"content":{"rendered":"<div readability=\"32\">\n<p>Publi\u00e9 le 12.05.2019 \u00e0 20h18 par APA News<\/p>\n<\/div>\n<div readability=\"68\">\n<p>Le prix du kilogramme de ma\u00efs s\u00e9ch\u00e9 au S\u00e9n\u00e9gal a augment\u00e9 de 2,5% au mois de mars 2019, selon les donn\u00e9es \u00e9tablies par la Direction de la pr\u00e9vision et des \u00e9tudes \u00e9conomiques (DPEE).Sur le march\u00e9 local, cette denr\u00e9e s\u2019est \u00e9chang\u00e9e \u00e0 256 FCFA durant la p\u00e9riode sous revue contre 250 FCFA en f\u00e9vrier 2019, soit une augmentation de 6 FCFA (1 FCFA \u00e9quivaut \u00e0 0,0017 dollar). Il faut souligner que depuis janvier 2019, le prix du kg de ma\u00efs s\u00e9ch\u00e9 est rest\u00e9 stable \u00e0 250 FCFA.<\/p>\n<p>Sur le march\u00e9 international, le cours du ma\u00efs argentin a recul\u00e9 de 4,1% en mars 2019, sous l\u2019effet de l\u2019abondance de l\u2019offre et des perspectives de production favorables, notamment en Am\u00e9rique du Sud.<\/p>\n<p>Selon les pr\u00e9visions du mois d\u2019avril 2019 du D\u00e9partement am\u00e9ricain de l\u2019agriculture (USDA), la production mondiale de ma\u00efs est attendue \u00e0 1107,4 millions de tonnes pour la campagne 2018-2019, soit des hausses respectives de 0,6% et 2,9% par rapport aux pr\u00e9visions du mois pr\u00e9c\u00e9dent et aux estimations de la campagne 2017-2018.<\/p>\n<p><ins data-revive-zoneid=\"9\" data-revive-id=\"10111e19d28d19d031742ee3b0b33eb0\"\/> <\/p>\n<p>S\u2019agissant de la consommation mondiale de ma\u00efs, elle devrait se situer \u00e0 1133,8 millions de tonnes, soit un l\u00e9ger recul de 0,002% par rapport aux pr\u00e9visions de mars 2019 et une augmentation de 4,3% comparativement aux estimations de la campagne 2017-2018.<\/p>\n<\/div>\n<p>Auteur: APA News<br \/>\n<a href=\"https:\/\/www.journalducameroun.com\/fr\/senegal-hausse-de-25-du-prix-du-kg-de-mais-en-mars\/\">Cliquez ici pour lire l&rsquo;article depuis sa source.<\/a><\/p>\n","protected":false},"excerpt":{"rendered":"<p>Publi\u00e9 le 12.05.2019 \u00e0 20h18 par APA News Le prix du kilogramme de ma\u00efs s\u00e9ch\u00e9 au S\u00e9n\u00e9gal a augment\u00e9 de 2,5% au mois de mars 2019, selon les donn\u00e9es \u00e9tablies par la Direction de la pr\u00e9vision et des \u00e9tudes \u00e9conomiques (DPEE).Sur le march\u00e9 local, cette denr\u00e9e s\u2019est \u00e9chang\u00e9e \u00e0 256 FCFA durant la p\u00e9riode sous [&hellip;]<\/p>\n","protected":false},"author":1965,"featured_media":0,"comment_status":"closed","ping_status":"closed","sticky":false,"template":"","format":"standard","meta":{"fifu_image_url":"","fifu_image_alt":"","footnotes":""},"categories":[73,82],"tags":[],"class_list":["post-33934","post","type-post","status-publish","format-standard","hentry","category-actualite","category-cameroun"],"_links":{"self":[{"href":"https:\/\/linitiative.ca\/International\/wp-json\/wp\/v2\/posts\/33934","targetHints":{"allow":["GET"]}}],"collection":[{"href":"https:\/\/linitiative.ca\/International\/wp-json\/wp\/v2\/posts"}],"about":[{"href":"https:\/\/linitiative.ca\/International\/wp-json\/wp\/v2\/types\/post"}],"author":[{"embeddable":true,"href":"https:\/\/linitiative.ca\/International\/wp-json\/wp\/v2\/users\/1965"}],"replies":[{"embeddable":true,"href":"https:\/\/linitiative.ca\/International\/wp-json\/wp\/v2\/comments?post=33934"}],"version-history":[{"count":0,"href":"https:\/\/linitiative.ca\/International\/wp-json\/wp\/v2\/posts\/33934\/revisions"}],"wp:attachment":[{"href":"https:\/\/linitiative.ca\/International\/wp-json\/wp\/v2\/media?parent=33934"}],"wp:term":[{"taxonomy":"category","embeddable":true,"href":"https:\/\/linitiative.ca\/International\/wp-json\/wp\/v2\/categories?post=33934"},{"taxonomy":"post_tag","embeddable":true,"href":"https:\/\/linitiative.ca\/International\/wp-json\/wp\/v2\/tags?post=33934"}],"curies":[{"name":"wp","href":"https:\/\/api.w.org\/{rel}","templated":true}]}}