{"id":33936,"date":"2019-05-12T16:18:02","date_gmt":"2019-05-12T20:18:02","guid":{"rendered":"https:\/\/linitiative.ca\/International\/les-travaux-du-pont-route-rail-brazzaville-kinshasa-debuteront-en-aout-2020-bad\/"},"modified":"2019-05-12T16:18:02","modified_gmt":"2019-05-12T20:18:02","slug":"les-travaux-du-pont-route-rail-brazzaville-kinshasa-debuteront-en-aout-2020-bad","status":"publish","type":"post","link":"https:\/\/linitiative.ca\/International\/les-travaux-du-pont-route-rail-brazzaville-kinshasa-debuteront-en-aout-2020-bad\/","title":{"rendered":"Les travaux du pont route-rail Brazzaville \u2013 Kinshasa d\u00e9buteront en Ao\u00fbt 2020 (BAD)."},"content":{"rendered":"<div readability=\"32\">\n<p>Publi\u00e9 le 12.05.2019 \u00e0 21h18 par APA News<\/p>\n<\/div>\n<div readability=\"64\">\n<p>Les travaux de la construction du pont route-rail entre Brazzaville et Kinshasa (RD.Congo) seront lanc\u00e9s en ao\u00fbt 2020 a annonc\u00e9 le pr\u00e9sident de la Banque Africaine de D\u00e9veloppement (BAD), Akinumi Adesina, dimanche \u00e0 Oyo, \u00e0 environ 400 km au nord\u2013Congo<\/p>\n<p>\u00ab Le projet pont route-rail entre Brazzaville et Kinshasa est un projet important d\u2019int\u00e9gration. Les travaux vont d\u00e9marrer en ao\u00fbt de l\u2019ann\u00e9e prochaine, pour un financement de 550 millions de dollars dont 210 millions USD de la BAD \u00bb, a d\u00e9clar\u00e9 Akinumi Adesina, \u00a0au cours d\u2019une conf\u00e9rence de presse \u00a0\u00e0 la fin de son s\u00e9jour de 24h \u00e0 Oyo, \u00a0ville natale du pr\u00e9sident congolais, Denis Sassou N\u2019Guesso.<\/p>\n<p>Selon le pr\u00e9sident du groupe de la BAD, \u00ab ce projet est comme celui entre le S\u00e9n\u00e9gal et la Gambie, inaugur\u00e9 en janvier dernier ; nous allons le r\u00e9aliser \u00bb, saluant la \u00ab volont\u00e9 forte \u00bb des pr\u00e9sidentsDenis \u00a0Sassou N\u2019Guesso et F\u00e9lix Tshisekedi de la R\u00e9publique D\u00e9mocratique du Congo, pour la r\u00e9alisation de ce projet pont route-rail entre Brazzaville et Kinshasa.<\/p>\n<p>En rappel, le pont route-rail devant relier Brazzaville et Kinshasa, dont les \u00e9tudes de faisabilit\u00e9 sont presque boucl\u00e9es, est un vieux projet d\u2019int\u00e9gration de l\u2019Union Africaine (UA), con\u00e7u dans le cadre du nouveau partenariat pour le d\u00e9veloppement de l\u2019Afrique (NEPAD).<\/p>\n<p><ins data-revive-zoneid=\"9\" data-revive-id=\"10111e19d28d19d031742ee3b0b33eb0\"\/> <\/p>\n<\/div>\n<p>Auteur: APA News<br \/>\n<a href=\"https:\/\/www.journalducameroun.com\/fr\/les-travaux-du-pont-route-rail-brazzaville-kinshasa-debuteront-en-aout-2020-bad\/\">Cliquez ici pour lire l&rsquo;article depuis sa source.<\/a><\/p>\n","protected":false},"excerpt":{"rendered":"<p>Publi\u00e9 le 12.05.2019 \u00e0 21h18 par APA News Les travaux de la construction du pont route-rail entre Brazzaville et Kinshasa (RD.Congo) seront lanc\u00e9s en ao\u00fbt 2020 a annonc\u00e9 le pr\u00e9sident de la Banque Africaine de D\u00e9veloppement (BAD), Akinumi Adesina, dimanche \u00e0 Oyo, \u00e0 environ 400 km au nord\u2013Congo \u00ab Le projet pont route-rail entre Brazzaville [&hellip;]<\/p>\n","protected":false},"author":1965,"featured_media":0,"comment_status":"closed","ping_status":"closed","sticky":false,"template":"","format":"standard","meta":{"fifu_image_url":"","fifu_image_alt":"","footnotes":""},"categories":[73,82],"tags":[],"class_list":["post-33936","post","type-post","status-publish","format-standard","hentry","category-actualite","category-cameroun"],"_links":{"self":[{"href":"https:\/\/linitiative.ca\/International\/wp-json\/wp\/v2\/posts\/33936","targetHints":{"allow":["GET"]}}],"collection":[{"href":"https:\/\/linitiative.ca\/International\/wp-json\/wp\/v2\/posts"}],"about":[{"href":"https:\/\/linitiative.ca\/International\/wp-json\/wp\/v2\/types\/post"}],"author":[{"embeddable":true,"href":"https:\/\/linitiative.ca\/International\/wp-json\/wp\/v2\/users\/1965"}],"replies":[{"embeddable":true,"href":"https:\/\/linitiative.ca\/International\/wp-json\/wp\/v2\/comments?post=33936"}],"version-history":[{"count":0,"href":"https:\/\/linitiative.ca\/International\/wp-json\/wp\/v2\/posts\/33936\/revisions"}],"wp:attachment":[{"href":"https:\/\/linitiative.ca\/International\/wp-json\/wp\/v2\/media?parent=33936"}],"wp:term":[{"taxonomy":"category","embeddable":true,"href":"https:\/\/linitiative.ca\/International\/wp-json\/wp\/v2\/categories?post=33936"},{"taxonomy":"post_tag","embeddable":true,"href":"https:\/\/linitiative.ca\/International\/wp-json\/wp\/v2\/tags?post=33936"}],"curies":[{"name":"wp","href":"https:\/\/api.w.org\/{rel}","templated":true}]}}