{"id":33995,"date":"2019-05-12T21:18:18","date_gmt":"2019-05-13T01:18:18","guid":{"rendered":"https:\/\/linitiative.ca\/International\/le-corps-dune-ressortissante-francaise-retrouve-suite-a-sa-chute-accidentelle-dune-falaise\/"},"modified":"2019-05-12T21:18:18","modified_gmt":"2019-05-13T01:18:18","slug":"le-corps-dune-ressortissante-francaise-retrouve-suite-a-sa-chute-accidentelle-dune-falaise","status":"publish","type":"post","link":"https:\/\/linitiative.ca\/International\/le-corps-dune-ressortissante-francaise-retrouve-suite-a-sa-chute-accidentelle-dune-falaise\/","title":{"rendered":"Le corps d\u2019une ressortissante fran\u00e7aise retrouv\u00e9 suite \u00e0 sa chute accidentelle d\u2019une falaise"},"content":{"rendered":"<div class=\"single-featured\"><img alt=\"\" data-src=\"http:\/\/www.mapmarrakech.ma\/map\/uploads\/2019\/05\/Ambulancechutefrancaise.jpg\"\/><\/div>\n<div class=\"single-post-excerpt post-excerpt-bc\" readability=\"37\">\n<p>Rabat \u2013 Le corps d\u2019une ressortissante fran\u00e7aise \u00e9tablie au Maroc a \u00e9t\u00e9 retrouv\u00e9, dimanche soir, au niveau de la r\u00e9gion de Tassa Ouirgan dans la province d\u2019al Haouz, a-t-on appris aupr\u00e8s des autorit\u00e9s locales.<\/p>\n<\/div>\n<div class=\"entry-content clearfix single-post-content\" readability=\"48\">\n<p>Selon les donn\u00e9es pr\u00e9liminaires, la victime, de 69 ans, a chut\u00e9 d\u2019une falaise rocheuse lors d\u2019une randonn\u00e9e p\u00e9destre \u00e0 la for\u00eat de Takherkhort (Commune de Ouirgan) en compagnie d\u2019un groupe de personnes, ajoute la m\u00eame source.<\/p>\n<p>Les autorit\u00e9s locales avaient \u00e9t\u00e9 alert\u00e9es par les compagnons de la victime de sa disparition.<\/p>\n<p>Ainsi, les autorit\u00e9s locales et les services de la Gendarmerie Royale se sont mobilis\u00e9s pour rechercher la victime dont le corps a \u00e9t\u00e9 retrouv\u00e9 au pied de la falaise rocheuse.<\/p>\n<p>Une enqu\u00eate a \u00e9t\u00e9 ouverte par les autorit\u00e9s concern\u00e9es sous la supervision du parquet comp\u00e9tent pour \u00e9lucider les circonstances de cet incident, conclut la m\u00eame source.<\/p>\n<\/div>\n<p>Auteur: Meriem IGASS<br \/>\n<a href=\"http:\/\/www.mapmarrakech.ma\/fr\/le-corps-dune-ressortissante-francaise-retrouve-suite-a-sa-chute-accidentelle-dune-falaise\/\">Cliquez ici pour lire l&rsquo;article depuis sa source.<\/a><\/p>\n","protected":false},"excerpt":{"rendered":"<p>Rabat \u2013 Le corps d\u2019une ressortissante fran\u00e7aise \u00e9tablie au Maroc a \u00e9t\u00e9 retrouv\u00e9, dimanche soir, au niveau de la r\u00e9gion de Tassa Ouirgan dans la province d\u2019al Haouz, a-t-on appris aupr\u00e8s des autorit\u00e9s locales. Selon les donn\u00e9es pr\u00e9liminaires, la victime, de 69 ans, a chut\u00e9 d\u2019une falaise rocheuse lors d\u2019une randonn\u00e9e p\u00e9destre \u00e0 la for\u00eat [&hellip;]<\/p>\n","protected":false},"author":1788,"featured_media":33996,"comment_status":"closed","ping_status":"closed","sticky":false,"template":"","format":"standard","meta":{"fifu_image_url":"","fifu_image_alt":"","footnotes":""},"categories":[54,76],"tags":[],"class_list":["post-33995","post","type-post","status-publish","format-standard","has-post-thumbnail","hentry","category-maroc","category-regions"],"_links":{"self":[{"href":"https:\/\/linitiative.ca\/International\/wp-json\/wp\/v2\/posts\/33995","targetHints":{"allow":["GET"]}}],"collection":[{"href":"https:\/\/linitiative.ca\/International\/wp-json\/wp\/v2\/posts"}],"about":[{"href":"https:\/\/linitiative.ca\/International\/wp-json\/wp\/v2\/types\/post"}],"author":[{"embeddable":true,"href":"https:\/\/linitiative.ca\/International\/wp-json\/wp\/v2\/users\/1788"}],"replies":[{"embeddable":true,"href":"https:\/\/linitiative.ca\/International\/wp-json\/wp\/v2\/comments?post=33995"}],"version-history":[{"count":0,"href":"https:\/\/linitiative.ca\/International\/wp-json\/wp\/v2\/posts\/33995\/revisions"}],"wp:featuredmedia":[{"embeddable":true,"href":"https:\/\/linitiative.ca\/International\/wp-json\/"}],"wp:attachment":[{"href":"https:\/\/linitiative.ca\/International\/wp-json\/wp\/v2\/media?parent=33995"}],"wp:term":[{"taxonomy":"category","embeddable":true,"href":"https:\/\/linitiative.ca\/International\/wp-json\/wp\/v2\/categories?post=33995"},{"taxonomy":"post_tag","embeddable":true,"href":"https:\/\/linitiative.ca\/International\/wp-json\/wp\/v2\/tags?post=33995"}],"curies":[{"name":"wp","href":"https:\/\/api.w.org\/{rel}","templated":true}]}}