{"id":33997,"date":"2019-05-12T21:26:56","date_gmt":"2019-05-13T01:26:56","guid":{"rendered":"https:\/\/linitiative.ca\/International\/botola-maroc-telecom-d1-28e-journee-locs-simpose-face-a-littihad-de-tanger-2-0\/"},"modified":"2019-05-12T21:26:56","modified_gmt":"2019-05-13T01:26:56","slug":"botola-maroc-telecom-d1-28e-journee-locs-simpose-face-a-littihad-de-tanger-2-0","status":"publish","type":"post","link":"https:\/\/linitiative.ca\/International\/botola-maroc-telecom-d1-28e-journee-locs-simpose-face-a-littihad-de-tanger-2-0\/","title":{"rendered":"Botola Maroc T\u00e9l\u00e9com D1 (28\u00e8 journ\u00e9e): L\u2019OCS s\u2019impose face \u00e0 l\u2019Ittihad de Tanger (2-0)"},"content":{"rendered":"<div readability=\"36\">\n<p>Tanger \u2013 L\u2019Olympic de Safi s\u2019est impos\u00e9 sur la pelouse de l\u2019Ittihad de Tanger par 2 buts \u00e0 0, en match comptant pour la 28\u00e8 journ\u00e9e de Botola Maroc T\u00e9l\u00e9com D1 de football, disput\u00e9 dimanche soir au Grand Stade de la ville du D\u00e9troit.<\/p>\n<\/div>\n<div readability=\"59\">\n<p>Les deux r\u00e9alisations des Mesfiouis ont \u00e9t\u00e9 inscrites Mohammed Ouattara (28\u00e8) et Hamza Goudali (83\u00e8).<\/p>\n<p>Ex-aequo avant cette journ\u00e9e, l\u2019OCS et l\u2019IRT se sont s\u00e9par\u00e9s pour occuper respectivement la 3\u00e8 place avec 42 points et la 4\u00e8 avec 39 unit\u00e9s.<\/p>\n<p>La veille, le Raja de Casablanca, qui est assur\u00e9 de disputer la prochaine Ligue des champions, avait consolid\u00e9 sa position de dauphin, en s\u2019imposant au Stade P\u00e8re J\u00e9go face au Mouloudia d\u2019Oujda par 2 buts \u00e0 1.<\/p>\n<p>Les deux buts des \u00ab\u00a0Super champions\u00a0\u00bb d\u2019Afrique ont \u00e9t\u00e9 l\u2019oeuvre de Mohsine Iajour.<\/p>\n<p>Le Wydad de Casablanca, leader de de Botola D1 et r\u00e9cent finaliste de Ligue des champions-2019, fera le d\u00e9placement, lundi, sur la pelouse de la Renaissence de Berkane, qualifi\u00e9e, elle aussi, \u00e0 la finale de la Coupe de la Conf\u00e9d\u00e9ration, apr\u00e8s une belle remontada face au CS Sfaxien tunisien.<\/p>\n<\/div>\n<p>Auteur: Meriem IGASS<br \/>\n<a href=\"http:\/\/www.mapmarrakech.ma\/fr\/botola-maroc-telecom-d1-28e-journee-locs-simpose-face-a-littihad-de-tanger-2-0\/\">Cliquez ici pour lire l&rsquo;article depuis sa source.<\/a><\/p>\n","protected":false},"excerpt":{"rendered":"<p>Tanger \u2013 L\u2019Olympic de Safi s\u2019est impos\u00e9 sur la pelouse de l\u2019Ittihad de Tanger par 2 buts \u00e0 0, en match comptant pour la 28\u00e8 journ\u00e9e de Botola Maroc T\u00e9l\u00e9com D1 de football, disput\u00e9 dimanche soir au Grand Stade de la ville du D\u00e9troit. Les deux r\u00e9alisations des Mesfiouis ont \u00e9t\u00e9 inscrites Mohammed Ouattara (28\u00e8) [&hellip;]<\/p>\n","protected":false},"author":1788,"featured_media":0,"comment_status":"closed","ping_status":"closed","sticky":false,"template":"","format":"standard","meta":{"fifu_image_url":"","fifu_image_alt":"","footnotes":""},"categories":[54,76],"tags":[],"class_list":["post-33997","post","type-post","status-publish","format-standard","hentry","category-maroc","category-regions"],"_links":{"self":[{"href":"https:\/\/linitiative.ca\/International\/wp-json\/wp\/v2\/posts\/33997","targetHints":{"allow":["GET"]}}],"collection":[{"href":"https:\/\/linitiative.ca\/International\/wp-json\/wp\/v2\/posts"}],"about":[{"href":"https:\/\/linitiative.ca\/International\/wp-json\/wp\/v2\/types\/post"}],"author":[{"embeddable":true,"href":"https:\/\/linitiative.ca\/International\/wp-json\/wp\/v2\/users\/1788"}],"replies":[{"embeddable":true,"href":"https:\/\/linitiative.ca\/International\/wp-json\/wp\/v2\/comments?post=33997"}],"version-history":[{"count":0,"href":"https:\/\/linitiative.ca\/International\/wp-json\/wp\/v2\/posts\/33997\/revisions"}],"wp:attachment":[{"href":"https:\/\/linitiative.ca\/International\/wp-json\/wp\/v2\/media?parent=33997"}],"wp:term":[{"taxonomy":"category","embeddable":true,"href":"https:\/\/linitiative.ca\/International\/wp-json\/wp\/v2\/categories?post=33997"},{"taxonomy":"post_tag","embeddable":true,"href":"https:\/\/linitiative.ca\/International\/wp-json\/wp\/v2\/tags?post=33997"}],"curies":[{"name":"wp","href":"https:\/\/api.w.org\/{rel}","templated":true}]}}