{"id":34001,"date":"2019-05-13T10:19:42","date_gmt":"2019-05-13T14:19:42","guid":{"rendered":"https:\/\/linitiative.ca\/International\/demantelement-dun-reseau-national-de-trafic-de-vehicules-a-bouira\/"},"modified":"2019-05-13T10:19:42","modified_gmt":"2019-05-13T14:19:42","slug":"demantelement-dun-reseau-national-de-trafic-de-vehicules-a-bouira","status":"publish","type":"post","link":"https:\/\/linitiative.ca\/International\/demantelement-dun-reseau-national-de-trafic-de-vehicules-a-bouira\/","title":{"rendered":"D\u00e9mant\u00e8lement d&rsquo;un r\u00e9seau national de trafic de v\u00e9hicules \u00e0 Bouira"},"content":{"rendered":"<div>\n<div class=\"K2FeedImage\"><img decoding=\"async\" src=\"http:\/\/www.aps.dz\/media\/k2\/items\/cache\/3fc031e3b3199ad7f862db233b131c18_S.jpg\" alt=\"D\u00e9mant\u00e8lement d'un r\u00e9seau national de trafic de v\u00e9hicules \u00e0 Bouira\"><\/div>\n<div class=\"K2FeedIntroText\">\n<p><strong>BOUIRA &#8211; Un r\u00e9seau national de trafic de v\u00e9hicules, compos\u00e9 de 29 individus, a \u00e9t\u00e9 d\u00e9mantel\u00e9 \u00e0 Bouira et neuf v\u00e9hicules ont \u00e9t\u00e9 r\u00e9cup\u00e9r\u00e9s lors de cette op\u00e9ration men\u00e9e par les forces de la brigade criminelle relevant du service de la wilaya de la police judiciaire, a-t-on appris lundi de source s\u00e9curitaire.<\/strong><\/p>\n<\/div>\n<div class=\"K2FeedFullText\">\n<p>\u00ab\u00a0Le r\u00e9seau est form\u00e9 de 29 personnes \u00e2g\u00e9es entre 25 et 57 ans et issues de Bouira ainsi que d&rsquo;autres wilayas comme Tlemcen\u00a0\u00bb, a indiqu\u00e9 la m\u00eame source \u00e0 l&rsquo;APS.<\/p>\n<blockquote>\n<p><em><strong>Au cours de cette op\u00e9ration, neuf voitures de diff\u00e9rentes marques ont \u00e9t\u00e9 r\u00e9cup\u00e9r\u00e9es par les \u00e9l\u00e9ments de la brigade criminelle, qui a entam\u00e9 son travail d\u2019enqu\u00eate depuis novembre 2018, a-t-on expliqu\u00e9.<\/strong><\/em><\/p>\n<\/blockquote>\n<p>Les membres du r\u00e9seau s\u00e9vissaient \u00e0 Bouira ainsi que dans les wilayas limitrophes \u00e0 l&rsquo;image de Tizi Ouzou, M\u00e9d\u00e9a, Boumerd\u00e8s, Bordj Bou Arr\u00e9ridj et S\u00e9tif.<\/p>\n<blockquote>\n<p><em><strong>\u00ab\u00a0Les 29 mis en cause ont \u00e9t\u00e9 tous arr\u00eat\u00e9s et pr\u00e9sent\u00e9s lundi matin devant le procureur de la R\u00e9publique pr\u00e8s le tribunal de Bouira\u00a0\u00bb, a fait savoir la source s\u00e9curitaire.<\/strong><\/em><\/p>\n<\/blockquote>\n<p>\u00ab\u00a0Six autres v\u00e9hicules vol\u00e9s par ce r\u00e9seau font toujours l&rsquo;objet de recherches de nos services et l&rsquo;enqu\u00eate se poursuit toujours\u00a0\u00bb, a-t-on d\u00e9clar\u00e9.<\/p>\n<\/div>\n<\/div>\n<p>Auteur:<br \/>\n<a href=\"http:\/\/www.aps.dz\/regions\/89367-demantelement-d-un-reseau-national-de-trafic-de-vehicules-a-bouira\">Cliquez ici pour lire l&rsquo;article depuis sa source.<\/a><\/p>\n","protected":false},"excerpt":{"rendered":"<p>BOUIRA &#8211; Un r\u00e9seau national de trafic de v\u00e9hicules, compos\u00e9 de 29 individus, a \u00e9t\u00e9 d\u00e9mantel\u00e9 \u00e0 Bouira et neuf v\u00e9hicules ont \u00e9t\u00e9 r\u00e9cup\u00e9r\u00e9s lors de cette op\u00e9ration men\u00e9e par les forces de la brigade criminelle relevant du service de la wilaya de la police judiciaire, a-t-on appris lundi de source s\u00e9curitaire. \u00ab\u00a0Le r\u00e9seau est [&hellip;]<\/p>\n","protected":false},"author":1790,"featured_media":34002,"comment_status":"closed","ping_status":"closed","sticky":false,"template":"","format":"standard","meta":{"fifu_image_url":"","fifu_image_alt":"","footnotes":""},"categories":[53,76],"tags":[],"class_list":["post-34001","post","type-post","status-publish","format-standard","has-post-thumbnail","hentry","category-algerie","category-regions"],"_links":{"self":[{"href":"https:\/\/linitiative.ca\/International\/wp-json\/wp\/v2\/posts\/34001","targetHints":{"allow":["GET"]}}],"collection":[{"href":"https:\/\/linitiative.ca\/International\/wp-json\/wp\/v2\/posts"}],"about":[{"href":"https:\/\/linitiative.ca\/International\/wp-json\/wp\/v2\/types\/post"}],"author":[{"embeddable":true,"href":"https:\/\/linitiative.ca\/International\/wp-json\/wp\/v2\/users\/1790"}],"replies":[{"embeddable":true,"href":"https:\/\/linitiative.ca\/International\/wp-json\/wp\/v2\/comments?post=34001"}],"version-history":[{"count":0,"href":"https:\/\/linitiative.ca\/International\/wp-json\/wp\/v2\/posts\/34001\/revisions"}],"wp:featuredmedia":[{"embeddable":true,"href":"https:\/\/linitiative.ca\/International\/wp-json\/"}],"wp:attachment":[{"href":"https:\/\/linitiative.ca\/International\/wp-json\/wp\/v2\/media?parent=34001"}],"wp:term":[{"taxonomy":"category","embeddable":true,"href":"https:\/\/linitiative.ca\/International\/wp-json\/wp\/v2\/categories?post=34001"},{"taxonomy":"post_tag","embeddable":true,"href":"https:\/\/linitiative.ca\/International\/wp-json\/wp\/v2\/tags?post=34001"}],"curies":[{"name":"wp","href":"https:\/\/api.w.org\/{rel}","templated":true}]}}