{"id":34003,"date":"2019-05-13T10:25:20","date_gmt":"2019-05-13T14:25:20","guid":{"rendered":"https:\/\/linitiative.ca\/International\/tebessa-reouverture-du-jardin-familial-theveste-apres-sa-mise-a-niveau\/"},"modified":"2019-05-13T10:25:20","modified_gmt":"2019-05-13T14:25:20","slug":"tebessa-reouverture-du-jardin-familial-theveste-apres-sa-mise-a-niveau","status":"publish","type":"post","link":"https:\/\/linitiative.ca\/International\/tebessa-reouverture-du-jardin-familial-theveste-apres-sa-mise-a-niveau\/","title":{"rendered":"T\u00e9bessa: r\u00e9ouverture du jardin familial \u00ab\u00a0Theveste\u00a0\u00bb apr\u00e8s sa mise \u00e0 niveau"},"content":{"rendered":"<div>\n<div class=\"K2FeedIntroText\">\n<p><strong>TEBESSA &#8211; Le jardin familial \u00ab\u00a0Theveste\u00a0\u00bb de T\u00e9bessa, situ\u00e9 sur la route menant vers la wilaya d&rsquo;Annaba, a \u00e9t\u00e9 rouvert au grand bonheur du public \u00e0 l&rsquo;occasion du mois sacr\u00e9 de Ramadhan et l&rsquo;approche de la saison estivale, a-t-on constat\u00e9 lundi.<\/strong><\/p>\n<\/div>\n<div class=\"K2FeedFullText\">\n<p>La r\u00e9ouverture de ce jardin familial public a eu lieu apr\u00e8s l&rsquo;ach\u00e8vement d&rsquo;un vaste chantier de mise \u00e0 niveau et l&rsquo;am\u00e9nagement de nouvelles surfaces pour la cr\u00e9ation d&rsquo;espaces de distraction et d&rsquo;attraction pour les habitants de cette wilaya frontali\u00e8re, a-t-on pr\u00e9cis\u00e9 \u00e0 la direction de l&rsquo;administration locale (DAL).<\/p>\n<p>Selon la m\u00eame source, \u00ab\u00a0l&rsquo;exploitation de ce jardin public, qui s&rsquo;\u00e9tend sur environ 5,5hectares, a \u00e9t\u00e9 confi\u00e9e \u00e0 un investisseur priv\u00e9 selon la formule location sur 10 ans pour un co\u00fbt de 6 millions DA par an\u00a0\u00bb, ajoutant que l&rsquo;objectif \u00e9tait de \u00ab\u00a0garantir une meilleure exploitation des biens de l&rsquo;Etat et la cr\u00e9ation de nouvelles sources de revenus\u00a0\u00bb.<\/p>\n<p>L&rsquo;am\u00e9nagement de ce jardin familial s&rsquo;inscrit dans le cadre du programme de la wilaya visant la cr\u00e9ation d&rsquo;espaces de distraction et lieux de d\u00e9tente au profit des familles t\u00e9bessiennes surtout \u00e0 l&rsquo;approche de la saison estivale et l&rsquo;arriv\u00e9e du mois sacr\u00e9, a-t-on expliqu\u00e9.<\/p>\n<p>L&rsquo;am\u00e9nagement du jardin familial \u00ab\u00a0Theveste\u00a0\u00bb a permis la cr\u00e9ation d&rsquo;espaces verts pour les familles, 10 aires de jeux et de d\u00e9tente pour enfants et adultes, en plus d&rsquo;un espace am\u00e9nag\u00e9 pour abriter les soir\u00e9es culturelles et artistiques programm\u00e9es \u00e0 l&rsquo;occasion de Ramadhan et la saison estivale, a-t-on constat\u00e9 sur place.<\/p>\n<p>Par ailleurs, la DAL a indiqu\u00e9 que les travaux de r\u00e9alisation d&rsquo;une piscine \u00e0 l&rsquo;int\u00e9rieur de ce jardin se poursuivent, relevant l&rsquo;impact de cet \u00e9quipement devant constituer une \u00ab\u00a0bouff\u00e9e d&rsquo;oxyg\u00e8ne\u00a0\u00bb pour les jeunes et les enfants de cette wilaya.<\/p>\n<p>D&rsquo;importants projets d&rsquo;investissement dans le secteur des for\u00eats pour la cr\u00e9ation d&rsquo;aires de repos et de distraction \u00e0 travers les diff\u00e9rentes communes de la wilaya sont en cours d&rsquo;\u00e9tude par les services sp\u00e9cialis\u00e9s, a soulign\u00e9 la direction, annon\u00e7ant le lancement de projets de cr\u00e9ation d&rsquo;aires de d\u00e9tente dans deux for\u00eats dans la localit\u00e9 de Ga\u00e2ga\u00e2 (commune de Hammamet) et dans la commune d&rsquo;El Houijb\u00e8t.<\/p>\n<\/div>\n<\/div>\n<p>Auteur:<br \/>\n<a href=\"http:\/\/www.aps.dz\/regions\/89368-tebessa-reouverture-du-jardin-familial-theveste-apres-sa-mise-a-niveau\">Cliquez ici pour lire l&rsquo;article depuis sa source.<\/a><\/p>\n","protected":false},"excerpt":{"rendered":"<p>TEBESSA &#8211; Le jardin familial \u00ab\u00a0Theveste\u00a0\u00bb de T\u00e9bessa, situ\u00e9 sur la route menant vers la wilaya d&rsquo;Annaba, a \u00e9t\u00e9 rouvert au grand bonheur du public \u00e0 l&rsquo;occasion du mois sacr\u00e9 de Ramadhan et l&rsquo;approche de la saison estivale, a-t-on constat\u00e9 lundi. La r\u00e9ouverture de ce jardin familial public a eu lieu apr\u00e8s l&rsquo;ach\u00e8vement d&rsquo;un vaste [&hellip;]<\/p>\n","protected":false},"author":1790,"featured_media":0,"comment_status":"closed","ping_status":"closed","sticky":false,"template":"","format":"standard","meta":{"fifu_image_url":"","fifu_image_alt":"","footnotes":""},"categories":[53,76],"tags":[],"class_list":["post-34003","post","type-post","status-publish","format-standard","hentry","category-algerie","category-regions"],"_links":{"self":[{"href":"https:\/\/linitiative.ca\/International\/wp-json\/wp\/v2\/posts\/34003","targetHints":{"allow":["GET"]}}],"collection":[{"href":"https:\/\/linitiative.ca\/International\/wp-json\/wp\/v2\/posts"}],"about":[{"href":"https:\/\/linitiative.ca\/International\/wp-json\/wp\/v2\/types\/post"}],"author":[{"embeddable":true,"href":"https:\/\/linitiative.ca\/International\/wp-json\/wp\/v2\/users\/1790"}],"replies":[{"embeddable":true,"href":"https:\/\/linitiative.ca\/International\/wp-json\/wp\/v2\/comments?post=34003"}],"version-history":[{"count":0,"href":"https:\/\/linitiative.ca\/International\/wp-json\/wp\/v2\/posts\/34003\/revisions"}],"wp:attachment":[{"href":"https:\/\/linitiative.ca\/International\/wp-json\/wp\/v2\/media?parent=34003"}],"wp:term":[{"taxonomy":"category","embeddable":true,"href":"https:\/\/linitiative.ca\/International\/wp-json\/wp\/v2\/categories?post=34003"},{"taxonomy":"post_tag","embeddable":true,"href":"https:\/\/linitiative.ca\/International\/wp-json\/wp\/v2\/tags?post=34003"}],"curies":[{"name":"wp","href":"https:\/\/api.w.org\/{rel}","templated":true}]}}