{"id":34004,"date":"2019-05-13T11:11:44","date_gmt":"2019-05-13T15:11:44","guid":{"rendered":"https:\/\/linitiative.ca\/International\/mostaganem-reprise-des-activites-du-port-apres-18-jours-de-greve\/"},"modified":"2019-05-13T11:11:44","modified_gmt":"2019-05-13T15:11:44","slug":"mostaganem-reprise-des-activites-du-port-apres-18-jours-de-greve","status":"publish","type":"post","link":"https:\/\/linitiative.ca\/International\/mostaganem-reprise-des-activites-du-port-apres-18-jours-de-greve\/","title":{"rendered":"Mostaganem: reprise des activit\u00e9s du port apr\u00e8s 18 jours de gr\u00e8ve"},"content":{"rendered":"<div>\n<div class=\"K2FeedImage\"><img decoding=\"async\" src=\"http:\/\/www.aps.dz\/media\/k2\/items\/cache\/b2fb8727ef83fe6c2ac34ed3f45c815f_S.jpg\" alt=\"Mostaganem: reprise des activit\u00e9s du port apr\u00e8s 18 jours de gr\u00e8ve\"><\/div>\n<div class=\"K2FeedIntroText\">\n<p><strong>MOSTAGANEM &#8211; Les travailleurs du port de Mostaganem ont repris lundi le travail, apr\u00e8s une gr\u00e8ve qui a dur\u00e9 18 jours et l&rsquo;activit\u00e9 \u00e9tait des plus normales sur les quais de cette importante infrastructure, a-t-on constat\u00e9.<\/strong><\/p>\n<\/div>\n<div class=\"K2FeedFullText\">\n<p>Cette reprise des activit\u00e9s intervient apr\u00e8s un accord entre des repr\u00e9sentants des travailleurs et la direction int\u00e9rimaire de l\u2019Entreprise portuaire, conclu dimanche soir avec une m\u00e9diation de l\u2019inspection de wilaya du travail.<\/p>\n<p>Cet accord a mis fin au mouvement de protestation qui a paralys\u00e9 le port depuis le 25 avril dernier et permis la r\u00e9ouverture du si\u00e8ge de la DG, ferm\u00e9 pendant deux semaines.<\/p>\n<p>Le proc\u00e8s-verbal de r\u00e9conciliation a port\u00e9 sur la \u00ab\u00a0non poursuite juridique et administrative des gr\u00e9vistes, la revalorisation des salaires de 20% \u00e0 hauteur des moyens financiers de l\u2019entreprise, le versement des salaires du mois en cours qui co\u00efncide avec le ramadhan, la recherche d\u2019une m\u00e9thode d\u2019indemnisation des semaines prochaines\u00a0\u00bb, a soulign\u00e9 le DG par int\u00e9rim, Nacredine Sebbane, dans une d\u00e9claration \u00e0 l\u2019APS.<\/p>\n<p>Les deux parties ont convenu \u00e9galement \u00e0 \u00ab\u00a0tenir une assembl\u00e9e g\u00e9n\u00e9rale des travailleurs dans les plus brefs d\u00e9lais pour renouveler la section syndicale de l\u2019entreprise et engager des n\u00e9gociations autour des diff\u00e9rents points socioprofessionnels revendiqu\u00e9s lors de ce mouvement de protestation\u00a0\u00bb.<\/p>\n<p>M. Sebbane a soulign\u00e9 que l\u2019activit\u00e9 du port a repris au niveau des quais d\u00e9s 7 heure du matin. L\u2019op\u00e9ration de d\u00e9chargement des trois navires, bloqu\u00e9s au port \u00e0 cause de la gr\u00e8ve, a repris en attendant l\u2019entr\u00e9e de trois autres navires dans les prochains jours.<\/p>\n<p>Le mouvement de protestation a \u00e9t\u00e9 d\u00e9clench\u00e9 \u00e0 l\u2019int\u00e9rieur du port de Mostaganem le 25 avril dernier avant de se transformer en gr\u00e8ve de 18 jours avec une fermeture totale du si\u00e8ge de la DG de l\u2019entreprise, situ\u00e9 \u00e0 la cit\u00e9 administrative de Salamandre.<\/p>\n<p>Les travailleurs ont revendiqu\u00e9 une revalorisation des salaires de 20% avec un effet r\u00e9troactif de janvier 2018, l\u2019int\u00e9gration et la titularisation des travailleurs licenci\u00e9s et contractuels avant de revendiquer le d\u00e9part du PDG et des cadres dirigeants de l\u2019entreprise.<\/p>\n<p>Cette gr\u00e8ve a caus\u00e9 des pertes \u00e0 l\u2019entreprise, estim\u00e9s par la DG, \u00e0 7,6 millions Da par jour. Quatorze navires attendant leur acc\u00e8s au port ont \u00e9t\u00e9 orient\u00e9s vers les ports de T\u00e9n\u00e8s, Arzew, Oran et Ghazaouet.<\/p>\n<p>Ce mouvement de protestation a caus\u00e9 \u00e9galement la fermeture provisoire de la gare maritime, le transfert de la ligne maritime de transport des voyageurs entre le port de Mostaganem et celui de Valence vers le port d\u2019Oran \u00e0 titre provisoire.<\/p>\n<\/div>\n<\/div>\n<p>Auteur:<br \/>\n<a href=\"http:\/\/www.aps.dz\/regions\/89375-mostaganem-reprise-des-activites-du-port-apres-18-jours-de-greve\">Cliquez ici pour lire l&rsquo;article depuis sa source.<\/a><\/p>\n","protected":false},"excerpt":{"rendered":"<p>MOSTAGANEM &#8211; Les travailleurs du port de Mostaganem ont repris lundi le travail, apr\u00e8s une gr\u00e8ve qui a dur\u00e9 18 jours et l&rsquo;activit\u00e9 \u00e9tait des plus normales sur les quais de cette importante infrastructure, a-t-on constat\u00e9. Cette reprise des activit\u00e9s intervient apr\u00e8s un accord entre des repr\u00e9sentants des travailleurs et la direction int\u00e9rimaire de l\u2019Entreprise [&hellip;]<\/p>\n","protected":false},"author":1790,"featured_media":34005,"comment_status":"closed","ping_status":"closed","sticky":false,"template":"","format":"standard","meta":{"fifu_image_url":"","fifu_image_alt":"","footnotes":""},"categories":[53,76],"tags":[],"class_list":["post-34004","post","type-post","status-publish","format-standard","has-post-thumbnail","hentry","category-algerie","category-regions"],"_links":{"self":[{"href":"https:\/\/linitiative.ca\/International\/wp-json\/wp\/v2\/posts\/34004","targetHints":{"allow":["GET"]}}],"collection":[{"href":"https:\/\/linitiative.ca\/International\/wp-json\/wp\/v2\/posts"}],"about":[{"href":"https:\/\/linitiative.ca\/International\/wp-json\/wp\/v2\/types\/post"}],"author":[{"embeddable":true,"href":"https:\/\/linitiative.ca\/International\/wp-json\/wp\/v2\/users\/1790"}],"replies":[{"embeddable":true,"href":"https:\/\/linitiative.ca\/International\/wp-json\/wp\/v2\/comments?post=34004"}],"version-history":[{"count":0,"href":"https:\/\/linitiative.ca\/International\/wp-json\/wp\/v2\/posts\/34004\/revisions"}],"wp:featuredmedia":[{"embeddable":true,"href":"https:\/\/linitiative.ca\/International\/wp-json\/"}],"wp:attachment":[{"href":"https:\/\/linitiative.ca\/International\/wp-json\/wp\/v2\/media?parent=34004"}],"wp:term":[{"taxonomy":"category","embeddable":true,"href":"https:\/\/linitiative.ca\/International\/wp-json\/wp\/v2\/categories?post=34004"},{"taxonomy":"post_tag","embeddable":true,"href":"https:\/\/linitiative.ca\/International\/wp-json\/wp\/v2\/tags?post=34004"}],"curies":[{"name":"wp","href":"https:\/\/api.w.org\/{rel}","templated":true}]}}