{"id":34009,"date":"2019-05-12T16:42:16","date_gmt":"2019-05-12T20:42:16","guid":{"rendered":"https:\/\/linitiative.ca\/International\/nador-arrestation-dun-individu-pour-possession-et-trafic-de-drogue-et-de-psychotropes\/"},"modified":"2019-05-12T16:42:16","modified_gmt":"2019-05-12T20:42:16","slug":"nador-arrestation-dun-individu-pour-possession-et-trafic-de-drogue-et-de-psychotropes","status":"publish","type":"post","link":"https:\/\/linitiative.ca\/International\/nador-arrestation-dun-individu-pour-possession-et-trafic-de-drogue-et-de-psychotropes\/","title":{"rendered":"Nador: Arrestation d\u2019un individu pour possession et trafic de drogue et de psychotropes"},"content":{"rendered":"<div class=\"single-featured\"><img alt=\"\" data-src=\"http:\/\/www.mapoujda.ma\/map\/uploads\/2019\/01\/\u062a\u0648\u0642\u064a\u0641-\u0634\u062e\u0635-\u0628\u0648\u0644\u0627\u064a\u0629-\u0623\u0645\u0646-\u0648\u062c\u062f\u0629.jpg\"\/><\/div>\n<div class=\"single-post-excerpt post-excerpt-bc\" readability=\"38\">\n<p>La Brigade de la police judiciaire de\u00a0Nador\u00a0a arr\u00eat\u00e9, dimanche tr\u00e8s t\u00f4t le matin, sur la base d\u2019informations pr\u00e9cises fournies par la Direction g\u00e9n\u00e9rale de la surveillance du territoire, un individu pour son implication pr\u00e9sum\u00e9e dans la possession et le trafic de drogue et de comprim\u00e9s psychotropes d\u2019ecstasy.<\/p>\n<\/div>\n<div class=\"entry-content clearfix single-post-content\" readability=\"47\">\n<p>Selon un communiqu\u00e9 de la Direction g\u00e9n\u00e9rale de la s\u00fbret\u00e9 nationale (DGSN), le mis en cause (34 ans) a \u00e9t\u00e9 arr\u00eat\u00e9 au niveau d\u2019un barrage judiciaire \u00e0 l\u2019entr\u00e9e de la ville de Driouch alors qu\u2019il venait de Tanger.<\/p>\n<p>La perquisition s\u2019est sold\u00e9e par la saisie de 12.750 comprim\u00e9s d\u2019ecstasy et de 165 grammes de coca\u00efne, a pr\u00e9cis\u00e9 la DGSN, faisant savoir que le suspect a \u00e9t\u00e9 plac\u00e9 en garde \u00e0 vue \u00e0 la disposition de l\u2019enqu\u00eate men\u00e9e sous la supervision du parquet comp\u00e9tent, alors que les investigations se poursuivent pour identifier d\u2019\u00e9ventuels complices dans cet acte criminel.<\/p>\n<p>Cette op\u00e9ration s\u2019inscrit dans le cadre des efforts soutenus des services de la s\u00fbret\u00e9 pour lutter contre le trafic de drogue et de psychotropes, a conclu la DGSN.<\/p>\n<\/div>\n<p>Auteur: Soufiane ELAHMAR<br \/>\n<a href=\"http:\/\/www.mapoujda.ma\/fr\/nador-arrestation-dun-individu-pour-possession-et-trafic-de-drogue-et-de-psychotropes\/\">Cliquez ici pour lire l&rsquo;article depuis sa source.<\/a><\/p>\n","protected":false},"excerpt":{"rendered":"<p>La Brigade de la police judiciaire de\u00a0Nador\u00a0a arr\u00eat\u00e9, dimanche tr\u00e8s t\u00f4t le matin, sur la base d\u2019informations pr\u00e9cises fournies par la Direction g\u00e9n\u00e9rale de la surveillance du territoire, un individu pour son implication pr\u00e9sum\u00e9e dans la possession et le trafic de drogue et de comprim\u00e9s psychotropes d\u2019ecstasy. Selon un communiqu\u00e9 de la Direction g\u00e9n\u00e9rale de [&hellip;]<\/p>\n","protected":false},"author":1788,"featured_media":34010,"comment_status":"closed","ping_status":"closed","sticky":false,"template":"","format":"standard","meta":{"fifu_image_url":"","fifu_image_alt":"","footnotes":""},"categories":[54,76],"tags":[],"class_list":["post-34009","post","type-post","status-publish","format-standard","has-post-thumbnail","hentry","category-maroc","category-regions"],"_links":{"self":[{"href":"https:\/\/linitiative.ca\/International\/wp-json\/wp\/v2\/posts\/34009","targetHints":{"allow":["GET"]}}],"collection":[{"href":"https:\/\/linitiative.ca\/International\/wp-json\/wp\/v2\/posts"}],"about":[{"href":"https:\/\/linitiative.ca\/International\/wp-json\/wp\/v2\/types\/post"}],"author":[{"embeddable":true,"href":"https:\/\/linitiative.ca\/International\/wp-json\/wp\/v2\/users\/1788"}],"replies":[{"embeddable":true,"href":"https:\/\/linitiative.ca\/International\/wp-json\/wp\/v2\/comments?post=34009"}],"version-history":[{"count":0,"href":"https:\/\/linitiative.ca\/International\/wp-json\/wp\/v2\/posts\/34009\/revisions"}],"wp:featuredmedia":[{"embeddable":true,"href":"https:\/\/linitiative.ca\/International\/wp-json\/"}],"wp:attachment":[{"href":"https:\/\/linitiative.ca\/International\/wp-json\/wp\/v2\/media?parent=34009"}],"wp:term":[{"taxonomy":"category","embeddable":true,"href":"https:\/\/linitiative.ca\/International\/wp-json\/wp\/v2\/categories?post=34009"},{"taxonomy":"post_tag","embeddable":true,"href":"https:\/\/linitiative.ca\/International\/wp-json\/wp\/v2\/tags?post=34009"}],"curies":[{"name":"wp","href":"https:\/\/api.w.org\/{rel}","templated":true}]}}