{"id":34028,"date":"2019-05-13T07:30:00","date_gmt":"2019-05-13T11:30:00","guid":{"rendered":"https:\/\/linitiative.ca\/International\/leconomie-europeenne-tient-bon\/"},"modified":"2019-05-13T07:30:00","modified_gmt":"2019-05-13T11:30:00","slug":"leconomie-europeenne-tient-bon","status":"publish","type":"post","link":"https:\/\/linitiative.ca\/International\/leconomie-europeenne-tient-bon\/","title":{"rendered":"L\u2019\u00e9conomie europ\u00e9enne tient bon\u2026"},"content":{"rendered":"<div readability=\"34\">\n<p>De bonnes perspectives \u00e0 l\u2019horizon 2020<\/p>\n<p>Vivement des r\u00e9formes propices \u00e0 la croissance<\/p>\n<\/div>\n<div readability=\"126\">\n<div class=\"dnd-atom-wrapper type-image context-sdl_editor_representation\" contenteditable=\"false\" readability=\"33\">\n<div class=\"dnd-drop-wrapper image\"><img loading=\"lazy\" decoding=\"async\" typeof=\"foaf:Image\" class=\"img-responsive\" src=\"https:\/\/leconomiste.com\/sites\/default\/files\/eco7\/public\/thumbnails\/image\/europe_economie_013.jpg\" width=\"800\" height=\"430\" alt=\"europe_economie_013.jpg\" title=\"europe_economie_013.jpg\"\/><\/div>\n<div class=\"dnd-legend-wrapper\" contenteditable=\"true\" readability=\"11\">\n<p class=\"rtejustify\">Croissance, ch\u00f4mage, inflation\u2026 les bonnes pr\u00e9visions de Bruxelles \u00e0 l\u2019horizon 2020 pourraient avoir un effet positif sur l\u2019\u00e9conomie marocaine qui devrait b\u00e9n\u00e9ficier de toute acc\u00e9l\u00e9ration de la croissance de ses partenaires europ\u00e9ens<\/p>\n<\/div>\n<\/div>\n<p class=\"rtejustify\">Tensions commerciales, Brexit, faiblesse des march\u00e9s \u00e9mergents\u2026 L\u2019\u00e9conomie europ\u00e9enne fait preuve de r\u00e9silience face \u00e0 une conjoncture ext\u00e9rieure moins favorable. A quelques jours des \u00e9lections europ\u00e9ennes pr\u00e9vues du 23 au 26 mai 2019 dans les Etats membres, Bruxelles publie ses pr\u00e9visions \u00e9conomiques du printemps 2019 dont voici quelques indicateurs:<\/p>\n<p class=\"rtejustify\"><strong>\u25a0 La croissance plus robuste en 2020:<\/strong> Les Europ\u00e9ens sont maintenant plus nombreux que jamais \u00e0 avoir un travail et la vigueur de l\u2019emploi devrait se poursuivre, bien qu\u2019\u00e0 un rythme plus lent. Conjugu\u00e9e \u00e0 une hausse des salaires, \u00e0 une inflation mod\u00e9r\u00e9e, \u00e0 des conditions de financement favorables et \u00e0 des mesures budg\u00e9taires de relance dans certains Etats membres, cette tendance devrait soutenir la demande int\u00e9rieure. Globalement, le PIB devrait augmenter de 1,4% dans l\u2019UE cette ann\u00e9e et de 1,2% dans la zone euro. En 2020, les facteurs nationaux d\u00e9favorables devraient s\u2019estomper et l\u2019activit\u00e9 \u00e9conomique hors UE devrait rebondir. La reprise \u00e9conomique chez les principaux partenaires du Maroc aura un impact positif sur l\u2019\u00e9conomie marocaine. Ceci \u00e0 la faveur d\u2019un assouplissement des conditions financi\u00e8res mondiales et de mesures de relance dans certaines \u00e9conomies \u00e9mergentes. La croissance du PIB devrait se renforcer l\u00e9g\u00e8rement l\u2019an prochain, \u00e0 1,6% dans l\u2019UE et 1,5% dans la zone euro. Les chiffres de 2020 sont \u00e9galement dop\u00e9s par un nombre de jours de travail plus \u00e9lev\u00e9 cette ann\u00e9e-l\u00e0.<\/p>\n<p class=\"rtejustify\"><strong>\u25a0 Accalmie sur le front du ch\u00f4mage:<\/strong> La situation sur le march\u00e9 du travail a continu\u00e9 de s\u2019am\u00e9liorer malgr\u00e9 le ralentissement de la croissance vers la fin de 2018. Bien qu\u2019il demeure encore trop \u00e9lev\u00e9 dans certains Etats membres, le taux de ch\u00f4mage de l\u2019UE s\u2019est \u00e9tabli \u00e0 6,4% en mars 2019, son plus bas niveau depuis que la s\u00e9rie des chiffres mensuels du ch\u00f4mage a \u00e9t\u00e9 lanc\u00e9e en janvier 2000. Dans la zone euro, il se situe actuellement \u00e0 son plus bas niveau depuis 2008. Au cours des deux prochaines ann\u00e9es, la croissance de l\u2019emploi devrait ralentir. Les effets du rythme plus mod\u00e9r\u00e9 de la conjoncture se faisant sentir et les mesures budg\u00e9taires temporaires dans certains Etats membres touchant \u00e0 leur fin. Le taux de ch\u00f4mage devrait continuer de reculer dans l\u2019UE en 2019 et atteindre 6,2% en 2020. Il devrait baisser \u00e0 7,7% en 2019 et \u00e0 7,3% en 2020 dans la zone euro, soit en de\u00e7\u00e0 du niveau qu\u2019il atteignait en 2007 avant le d\u00e9but de la crise.<\/p>\n<p class=\"rtejustify\"><strong>\u25a0 L\u2019inflation devrait rester mod\u00e9r\u00e9e:<\/strong> Au niveau de l\u2019UE, elle devrait tomber \u00e0 1,6% cette ann\u00e9e, avant de remonter \u00e0 1,7% en 2020. S\u2019agissant de l\u2019inflation globale au sein de la zone euro, elle a recul\u00e9, passant de 1,9% au dernier trimestre de 2018 \u00e0 1,4% au premier trimestre de cette ann\u00e9e, en raison de la hausse plus lente des prix de l\u2019\u00e9nergie. Compte tenu du fait que l\u2019inflation des prix de l\u2019\u00e9nergie devrait continuer \u00e0 ralentir au cours des trimestres \u00e0 venir et du peu de signes selon lesquels une acc\u00e9l\u00e9ration de la croissance des salaires aurait aliment\u00e9 les pressions sous-jacentes sur les prix, les pr\u00e9visions tablent sur une inflation de la zone euro (indice des prix \u00e0 la consommation harmonis\u00e9) de 1,4% aussi bien en 2019 qu\u2019en 2020.<\/p>\n<p class=\"rtejustify\"><strong>\u25a0 Le d\u00e9sendettement public se poursuit:<\/strong> Selon les pr\u00e9visions, les ratios de la dette publique au PIB devraient diminuer dans la plupart des Etats membres en 2019 et 2020. Le tout sous l\u2019effet du maintien des d\u00e9ficits \u00e0 un faible niveau et d\u2019une croissance du PIB nominal qui devrait rester sup\u00e9rieure au taux d\u2019int\u00e9r\u00eat moyen sur l\u2019encours de la dette. Dans l\u2019hypoth\u00e8se de politiques inchang\u00e9es, le ratio de la dette publique au PIB au niveau de l\u2019UE devrait tomber de 81,5% du PIB en 2018 \u00e0 80,2% en 2019, puis \u00e0 78,8% en 2020. Agr\u00e9g\u00e9 au niveau de la zone euro, il devrait reculer de 87,1% du PIB en 2018 \u00e0 85,8% en 2019, puis \u00e0 84,3% en 2020.<\/p>\n<p class=\"rtejustify\"><strong>\u25a0 Le d\u00e9ficit public agr\u00e9g\u00e9:<\/strong> Il devrait cro\u00eetre au niveau de l\u2019UE, passant de 0,6% du PIB en 2018 \u00e0 1% aussi bien en 2019 qu\u2019en 2020. M\u00eame tendance dans la zone euro (de 0,5% du PIB en 2018 \u00e0 0,9% en 2019) puis rester stable en 2020, dans l\u2019hypoth\u00e8se de politiques inchang\u00e9es. La hausse attendue cette ann\u00e9e s\u2019explique essentiellement par la d\u00e9c\u00e9l\u00e9ration de la croissance du PIB et les politiques budg\u00e9taires expansionnistes conduites par certains Etats membres.<\/p>\n<p class=\"rtejustify\"><strong>\u25a0 Nouvelles r\u00e9formes:<\/strong> \u00abL\u2019\u00e9conomie europ\u00e9enne continuera de cro\u00eetre en 2019 et 2020. La croissance reste positive dans tous les Etats membres et nous continuons de recevoir de bonnes nouvelles du front de l\u2019emploi, notamment une augmentation des salaires\u00bb, indique Pierre Moscovici, commissaire pour les Affaires \u00e9conomiques et financi\u00e8res, la Fiscalit\u00e9 et les Douanes. \u00abCela signifie que l\u2019\u00e9conomie europ\u00e9enne tient bon face \u00e0 une conjoncture mondiale moins favorable et \u00e0 des incertitudes persistantes\u00bb, dit-il. Pour Moscovici, il faut se tenir pr\u00eats \u00e0 apporter davantage de soutien \u00e0 l\u2019\u00e9conomie si n\u00e9cessaire, en parall\u00e8le avec de nouvelles r\u00e9formes propices \u00e0 la croissance. Il faut surtout \u00e9viter de tomber dans le protectionnisme, qui ne ferait qu\u2019exacerber les tensions sociales et \u00e9conomiques.<\/p>\n<blockquote readability=\"9\">\n<p class=\"rtecenter\"><strong><span class=\"c3\">Les risques<\/span><\/strong><\/p>\n<p class=\"rtejustify\">Les perspectives restent sujettes \u00e0 d\u2019importants al\u00e9as baissiers. Le risque d\u2019une adoption de mesures protectionnistes \u00e0 l\u2019\u00e9chelle mondiale et le ralentissement actuel de la croissance du PIB et des \u00e9changes mondiaux pourraient perdurer davantage que pr\u00e9vu. Tout particuli\u00e8rement si la croissance chinoise se r\u00e9v\u00e8le d\u00e9cevante. Pour l\u2019Europe, les risques sont notamment celui d\u2019un Brexit sans accord et la possibilit\u00e9 que les perturbations temporaires que conna\u00eet actuellement la production se p\u00e9rennisent. Des incertitudes politiques croissantes et la conduite de politiques moins propices \u00e0 la croissance pourraient \u00e9galement se traduire par une contraction de l\u2019investissement priv\u00e9.<\/p>\n<\/blockquote>\n<p class=\"rtejustify\"><em>Fatim-Zahra TOHRY<\/em><\/p>\n<\/div>\n<p>Auteur: hlafriqi<br \/>\n<a href=\"https:\/\/www.leconomiste.com\/article\/1044948-l-economie-europeenne-tient-bon\">Cliquez ici pour lire l&rsquo;article depuis sa source.<\/a><\/p>\n","protected":false},"excerpt":{"rendered":"<p>De bonnes perspectives \u00e0 l\u2019horizon 2020 Vivement des r\u00e9formes propices \u00e0 la croissance Croissance, ch\u00f4mage, inflation\u2026 les bonnes pr\u00e9visions de Bruxelles \u00e0 l\u2019horizon 2020 pourraient avoir un effet positif sur l\u2019\u00e9conomie marocaine qui devrait b\u00e9n\u00e9ficier de toute acc\u00e9l\u00e9ration de la croissance de ses partenaires europ\u00e9ens Tensions commerciales, Brexit, faiblesse des march\u00e9s \u00e9mergents\u2026 L\u2019\u00e9conomie europ\u00e9enne fait [&hellip;]<\/p>\n","protected":false},"author":1763,"featured_media":34029,"comment_status":"closed","ping_status":"closed","sticky":false,"template":"","format":"standard","meta":{"fifu_image_url":"","fifu_image_alt":"","footnotes":""},"categories":[78,54],"tags":[],"class_list":["post-34028","post","type-post","status-publish","format-standard","has-post-thumbnail","hentry","category-economie","category-maroc"],"_links":{"self":[{"href":"https:\/\/linitiative.ca\/International\/wp-json\/wp\/v2\/posts\/34028","targetHints":{"allow":["GET"]}}],"collection":[{"href":"https:\/\/linitiative.ca\/International\/wp-json\/wp\/v2\/posts"}],"about":[{"href":"https:\/\/linitiative.ca\/International\/wp-json\/wp\/v2\/types\/post"}],"author":[{"embeddable":true,"href":"https:\/\/linitiative.ca\/International\/wp-json\/wp\/v2\/users\/1763"}],"replies":[{"embeddable":true,"href":"https:\/\/linitiative.ca\/International\/wp-json\/wp\/v2\/comments?post=34028"}],"version-history":[{"count":0,"href":"https:\/\/linitiative.ca\/International\/wp-json\/wp\/v2\/posts\/34028\/revisions"}],"wp:featuredmedia":[{"embeddable":true,"href":"https:\/\/linitiative.ca\/International\/wp-json\/"}],"wp:attachment":[{"href":"https:\/\/linitiative.ca\/International\/wp-json\/wp\/v2\/media?parent=34028"}],"wp:term":[{"taxonomy":"category","embeddable":true,"href":"https:\/\/linitiative.ca\/International\/wp-json\/wp\/v2\/categories?post=34028"},{"taxonomy":"post_tag","embeddable":true,"href":"https:\/\/linitiative.ca\/International\/wp-json\/wp\/v2\/tags?post=34028"}],"curies":[{"name":"wp","href":"https:\/\/api.w.org\/{rel}","templated":true}]}}