{"id":34033,"date":"2019-05-13T15:14:11","date_gmt":"2019-05-13T19:14:11","guid":{"rendered":"https:\/\/linitiative.ca\/International\/ligue-1-2-mca-ghrib-apres-le-match-du-cabba-je-savais-que-la-situation-etait-tres-difficile\/"},"modified":"2019-05-13T15:14:11","modified_gmt":"2019-05-13T19:14:11","slug":"ligue-1-2-mca-ghrib-apres-le-match-du-cabba-je-savais-que-la-situation-etait-tres-difficile","status":"publish","type":"post","link":"https:\/\/linitiative.ca\/International\/ligue-1-2-mca-ghrib-apres-le-match-du-cabba-je-savais-que-la-situation-etait-tres-difficile\/","title":{"rendered":"Ligue 1 &amp; 2 : MCA &#8211; Ghrib: \u00abApr\u00e8s le match du CABBA, je savais que la situation \u00e9tait tr\u00e8s difficile\u00bb"},"content":{"rendered":"<div readability=\"32\">\n<p>Auteur : <span>Kamel M.<\/span> <span class=\"time\">lundi 13 mai 2019 10:52<\/span><\/p>\n<\/div>\n<div id=\"post_core\" readability=\"54\">\n<p>Au lendemain de l\u2019\u00e9chec de son \u00e9quipe face \u00e0 la JSS, le premier responsable du Mouloudia a \u00e9tabli un constat amer, en \u00e9tant persuad\u00e9 que l\u2019\u00e9quipe n\u2019avait pas les moyens de r\u00e9aliser les r\u00e9sultats souhait\u00e9s, un sentiment qui s\u2019est d\u00e9gag\u00e9 en lui bien avant cette confrontation. Il dira : \u00ab J\u2019avais d\u00e9clar\u00e9 bien avant ce match que l\u2019\u00e9quipe \u00e9tait malade et je tiens \u00e0 vous dire que j\u2019\u00e9tais certain que notre mission n\u2019allait pas \u00eatre facile. Apr\u00e8s le match qu\u2019on a jou\u00e9 face au CABBA o\u00f9 on a \u00e9t\u00e9 tenus en \u00e9chec, j\u2019avais compris \u00e0 travers la production de l\u2019\u00e9quipe qu\u2019il nous sera tr\u00e8s difficile de terminer la saison sur le podium. \u00bb<\/p>\n<p><strong>\u00ab J\u2019ai veill\u00e9 \u00e0 instaurer un climat sain, mais on ne pouvait op\u00e9rer des changements avant la saison prochaine \u00bb<\/strong><br \/>Ghrib a expliqu\u00e9 les d\u00e9marches qu\u2019il a men\u00e9es depuis son retour aux affaires du club : \u00ab A mon retour et comme je l\u2019avais dit, j\u2019ai trouv\u00e9 une \u00e9quipe tr\u00e8s affect\u00e9e sur le plan psychologique. C\u2019est la raison pour laquelle j\u2019ai veill\u00e9 \u00e0 instaurer un climat sain en assainissant l\u2019entourage du club afin de redonner confiance aux joueurs, mais on ne pouvait op\u00e9rer \u00e0 des changements avant la saison prochaine. \u00bb<br \/><strong>\u00ab On jouera le reste des rencontres pour terminer \u00e0 la meilleure position au classement g\u00e9n\u00e9ral \u00bb<\/strong><br \/>Maintenant que l\u2019\u00e9quipe a perdu toutes ses chances de terminer le championnat sur le podium, bien que l\u2019\u00e9quipe ait un calendrier favorable, on se demande comment le MCA abordera les trois matchs restant pour cet exercice. On a abord\u00e9 avec Omar Ghrib le sujet. Il r\u00e9torque :\u00a0 \u00ab\u00a0 Que voulez-vous que je vous dise ? On souhaitait terminer la saison sur le podium, m\u00eame si j\u2019\u00e9tais persuad\u00e9 que l\u2019\u00e9quipe est malade, mais la r\u00e9alit\u00e9 du terrain a tranch\u00e9. En attendant de refaire l\u2019\u00e9quipe pour le prochain exercice, on essayera de terminer le championnat \u00e0 la meilleure position au classement g\u00e9n\u00e9ral. \u00bb<br \/><strong>\u00ab Je rassure les supporters :<\/strong><br \/><strong>on b\u00e2tira une \u00e9quipe qui fera honneur au club \u00bb<\/strong><br \/>Le directeur g\u00e9n\u00e9ral sportif du Mouloudia et bien qu\u2019il soit d\u00e9\u00e7u du parcours de l\u2019\u00e9quipe en cette fin de saison, se montre optimiste pour redonner au doyen des clubs alg\u00e9riens la place qu\u2019il lui faut : \u00ab Je suis d\u00e9\u00e7u au m\u00eame titre que nos fid\u00e8les supporters, mais je les rassure qu\u2019on b\u00e2tira une \u00e9quipe qui fera honneur au Mouloudia et qui leur rendra le sourire l\u2019ann\u00e9e prochaine. \u00bb \u00a0<\/p>\n<p><strong>Publi\u00e9 dans :<\/strong> <span>mca<\/span> <span>Ghrib<\/span><\/p>\n<\/div>\n<p>Auteur:<br \/>\n<a href=\"http:\/\/www.lebuteur.com\/article\/detail?titre=mca-ghrib-apres-le-match-du-cabba-je-savais-que-la-situation-etait-tres-difficile&#038;id=88749&#038;utm_source=feedburner&#038;utm_medium=feed&#038;utm_campaign=Feed%3A+GalerieFArtciles+%28Les+derniers+articles++-+lebuteur.com%29\">Cliquez ici pour lire l&rsquo;article depuis sa source.<\/a><\/p>\n","protected":false},"excerpt":{"rendered":"<p>Auteur : Kamel M. lundi 13 mai 2019 10:52 Au lendemain de l\u2019\u00e9chec de son \u00e9quipe face \u00e0 la JSS, le premier responsable du Mouloudia a \u00e9tabli un constat amer, en \u00e9tant persuad\u00e9 que l\u2019\u00e9quipe n\u2019avait pas les moyens de r\u00e9aliser les r\u00e9sultats souhait\u00e9s, un sentiment qui s\u2019est d\u00e9gag\u00e9 en lui bien avant cette confrontation. [&hellip;]<\/p>\n","protected":false},"author":1738,"featured_media":34034,"comment_status":"closed","ping_status":"closed","sticky":false,"template":"","format":"standard","meta":{"fifu_image_url":"","fifu_image_alt":"","footnotes":""},"categories":[53,75],"tags":[],"class_list":["post-34033","post","type-post","status-publish","format-standard","has-post-thumbnail","hentry","category-algerie","category-sport"],"_links":{"self":[{"href":"https:\/\/linitiative.ca\/International\/wp-json\/wp\/v2\/posts\/34033","targetHints":{"allow":["GET"]}}],"collection":[{"href":"https:\/\/linitiative.ca\/International\/wp-json\/wp\/v2\/posts"}],"about":[{"href":"https:\/\/linitiative.ca\/International\/wp-json\/wp\/v2\/types\/post"}],"author":[{"embeddable":true,"href":"https:\/\/linitiative.ca\/International\/wp-json\/wp\/v2\/users\/1738"}],"replies":[{"embeddable":true,"href":"https:\/\/linitiative.ca\/International\/wp-json\/wp\/v2\/comments?post=34033"}],"version-history":[{"count":0,"href":"https:\/\/linitiative.ca\/International\/wp-json\/wp\/v2\/posts\/34033\/revisions"}],"wp:featuredmedia":[{"embeddable":true,"href":"https:\/\/linitiative.ca\/International\/wp-json\/"}],"wp:attachment":[{"href":"https:\/\/linitiative.ca\/International\/wp-json\/wp\/v2\/media?parent=34033"}],"wp:term":[{"taxonomy":"category","embeddable":true,"href":"https:\/\/linitiative.ca\/International\/wp-json\/wp\/v2\/categories?post=34033"},{"taxonomy":"post_tag","embeddable":true,"href":"https:\/\/linitiative.ca\/International\/wp-json\/wp\/v2\/tags?post=34033"}],"curies":[{"name":"wp","href":"https:\/\/api.w.org\/{rel}","templated":true}]}}