{"id":34037,"date":"2019-05-13T15:14:15","date_gmt":"2019-05-13T19:14:15","guid":{"rendered":"https:\/\/linitiative.ca\/International\/international-man-city-le-coup-de-pouce-de-mahrez-a-laporte\/"},"modified":"2019-05-13T15:14:15","modified_gmt":"2019-05-13T19:14:15","slug":"international-man-city-le-coup-de-pouce-de-mahrez-a-laporte","status":"publish","type":"post","link":"https:\/\/linitiative.ca\/International\/international-man-city-le-coup-de-pouce-de-mahrez-a-laporte\/","title":{"rendered":"International : Man City : Le coup de pouce de Mahrez \u00e0 Laporte"},"content":{"rendered":"<div readability=\"32\">\n<p>Auteur : <span class=\"time\">lundi 13 mai 2019 12:39<\/span><\/p>\n<\/div>\n<div id=\"post_core\" readability=\"55\">\n<p>Ce dimanche, Laporte a inscrit suite \u00e0 un corner de Mahrez le but du 2-1, qui a mis son \u00e9quipe sur la route du titre avec une victoire 4-1 \u00e0 la cl\u00e9 \u00e0 Brighton. Convoqu\u00e9 par Didier Deschamps \u00e0 deux reprises, Laporte n&rsquo;a plus \u00e9t\u00e9 appel\u00e9 depuis mars 2017 comme le souligne Bfmtv. Pour Mahrez, comme il l&rsquo;a confi\u00e9 au micro de RMC Sport, tant sportivement que humainement, la question ne se pose pas: \u00ab\u00a0Aym\u00e9ric, c\u2019est un super d\u00e9fenseur, tr\u00e8s fort, tr\u00e8s intelligent, tr\u00e8s gentil, tr\u00e8s humble, c\u2019est une super personne.\u201d<\/p>\n<p>Pass\u00e9 par l&rsquo;\u00e9quipe de France dans les cat\u00e9gories des jeunes, Aym\u00e9ric Laporte reste donc pour l&rsquo;instant sur le carreau \u00e0 chaque annonce de Didier Deschamps. Mahrez ne partage pas les positions du s\u00e9lectionneur champion du monde 2018. \u201cC\u2019est Deschamps qui d\u00e9cide. Ce n\u2019est que mon avis, mais aussi celui de plusieurs personnes, il devrait en faire partie. \u00ab\u00a0<\/p>\n<p><strong>Publi\u00e9 dans :<\/strong> <span>Mahrez<\/span><\/p>\n<\/div>\n<p>Auteur:<br \/>\n<a href=\"http:\/\/www.lebuteur.com\/article\/detail?titre=man-city-le-coup-de-pouce-de-mahrez-a-laporte&#038;id=88771&#038;utm_source=feedburner&#038;utm_medium=feed&#038;utm_campaign=Feed%3A+GalerieFArtciles+%28Les+derniers+articles++-+lebuteur.com%29\">Cliquez ici pour lire l&rsquo;article depuis sa source.<\/a><\/p>\n","protected":false},"excerpt":{"rendered":"<p>Auteur : lundi 13 mai 2019 12:39 Ce dimanche, Laporte a inscrit suite \u00e0 un corner de Mahrez le but du 2-1, qui a mis son \u00e9quipe sur la route du titre avec une victoire 4-1 \u00e0 la cl\u00e9 \u00e0 Brighton. Convoqu\u00e9 par Didier Deschamps \u00e0 deux reprises, Laporte n&rsquo;a plus \u00e9t\u00e9 appel\u00e9 depuis mars [&hellip;]<\/p>\n","protected":false},"author":1738,"featured_media":34038,"comment_status":"closed","ping_status":"closed","sticky":false,"template":"","format":"standard","meta":{"fifu_image_url":"","fifu_image_alt":"","footnotes":""},"categories":[53,75],"tags":[],"class_list":["post-34037","post","type-post","status-publish","format-standard","has-post-thumbnail","hentry","category-algerie","category-sport"],"_links":{"self":[{"href":"https:\/\/linitiative.ca\/International\/wp-json\/wp\/v2\/posts\/34037","targetHints":{"allow":["GET"]}}],"collection":[{"href":"https:\/\/linitiative.ca\/International\/wp-json\/wp\/v2\/posts"}],"about":[{"href":"https:\/\/linitiative.ca\/International\/wp-json\/wp\/v2\/types\/post"}],"author":[{"embeddable":true,"href":"https:\/\/linitiative.ca\/International\/wp-json\/wp\/v2\/users\/1738"}],"replies":[{"embeddable":true,"href":"https:\/\/linitiative.ca\/International\/wp-json\/wp\/v2\/comments?post=34037"}],"version-history":[{"count":0,"href":"https:\/\/linitiative.ca\/International\/wp-json\/wp\/v2\/posts\/34037\/revisions"}],"wp:featuredmedia":[{"embeddable":true,"href":"https:\/\/linitiative.ca\/International\/wp-json\/"}],"wp:attachment":[{"href":"https:\/\/linitiative.ca\/International\/wp-json\/wp\/v2\/media?parent=34037"}],"wp:term":[{"taxonomy":"category","embeddable":true,"href":"https:\/\/linitiative.ca\/International\/wp-json\/wp\/v2\/categories?post=34037"},{"taxonomy":"post_tag","embeddable":true,"href":"https:\/\/linitiative.ca\/International\/wp-json\/wp\/v2\/tags?post=34037"}],"curies":[{"name":"wp","href":"https:\/\/api.w.org\/{rel}","templated":true}]}}