{"id":34039,"date":"2019-05-13T15:14:17","date_gmt":"2019-05-13T19:14:17","guid":{"rendered":"https:\/\/linitiative.ca\/International\/pros-nice-un-club-aurait-recemment-rencontre-lentourage-de-atal\/"},"modified":"2019-05-13T15:14:17","modified_gmt":"2019-05-13T19:14:17","slug":"pros-nice-un-club-aurait-recemment-rencontre-lentourage-de-atal","status":"publish","type":"post","link":"https:\/\/linitiative.ca\/International\/pros-nice-un-club-aurait-recemment-rencontre-lentourage-de-atal\/","title":{"rendered":"Pros : Nice : Un club aurait r\u00e9cemment rencontr\u00e9 l\u2019entourage de Atal"},"content":{"rendered":"<div readability=\"32\">\n<p>Auteur : <span class=\"time\">lundi 13 mai 2019 17:41<\/span><\/p>\n<\/div>\n<div id=\"post_core\" readability=\"44\">\n<p>Parmi ces pr\u00e9tendants, il est possible de citer le PSG, impressionn\u00e9 par la performance de l&rsquo;international alg\u00e9rien au Parc des Princes (1-1) le 4 mai dernier.<\/p>\n<p>Selon les informations de France Football que rapporte Maxifoot, le club de la capitale fran\u00e7aise aurait tout r\u00e9cemment rencontr\u00e9 l\u2019entourage du lat\u00e9ral droit. Sans doute l\u2019occasion de prendre la temp\u00e9rature pour l\u2019international alg\u00e9rien \u00e9galement convoit\u00e9 par l\u2019Atletico Madrid, l\u2019Inter Milan et Naples. Recrut\u00e9 pour 3,5 M\u20ac l\u2019\u00e9t\u00e9 dernier, Atal pourrait donc permettre au Gym de r\u00e9aliser une \u00e9norme plus-value.<\/p>\n<p><strong>Publi\u00e9 dans :<\/strong> <span>Atal<\/span><\/p>\n<\/div>\n<p>Auteur:<br \/>\n<a href=\"http:\/\/www.lebuteur.com\/article\/detail?titre=nice-un-club-aurait-recemment-rencontre-lentourage-de-atal&#038;id=88772&#038;utm_source=feedburner&#038;utm_medium=feed&#038;utm_campaign=Feed%3A+GalerieFArtciles+%28Les+derniers+articles++-+lebuteur.com%29\">Cliquez ici pour lire l&rsquo;article depuis sa source.<\/a><\/p>\n","protected":false},"excerpt":{"rendered":"<p>Auteur : lundi 13 mai 2019 17:41 Parmi ces pr\u00e9tendants, il est possible de citer le PSG, impressionn\u00e9 par la performance de l&rsquo;international alg\u00e9rien au Parc des Princes (1-1) le 4 mai dernier. Selon les informations de France Football que rapporte Maxifoot, le club de la capitale fran\u00e7aise aurait tout r\u00e9cemment rencontr\u00e9 l\u2019entourage du lat\u00e9ral [&hellip;]<\/p>\n","protected":false},"author":1738,"featured_media":34040,"comment_status":"closed","ping_status":"closed","sticky":false,"template":"","format":"standard","meta":{"fifu_image_url":"","fifu_image_alt":"","footnotes":""},"categories":[53,75],"tags":[],"class_list":["post-34039","post","type-post","status-publish","format-standard","has-post-thumbnail","hentry","category-algerie","category-sport"],"_links":{"self":[{"href":"https:\/\/linitiative.ca\/International\/wp-json\/wp\/v2\/posts\/34039","targetHints":{"allow":["GET"]}}],"collection":[{"href":"https:\/\/linitiative.ca\/International\/wp-json\/wp\/v2\/posts"}],"about":[{"href":"https:\/\/linitiative.ca\/International\/wp-json\/wp\/v2\/types\/post"}],"author":[{"embeddable":true,"href":"https:\/\/linitiative.ca\/International\/wp-json\/wp\/v2\/users\/1738"}],"replies":[{"embeddable":true,"href":"https:\/\/linitiative.ca\/International\/wp-json\/wp\/v2\/comments?post=34039"}],"version-history":[{"count":0,"href":"https:\/\/linitiative.ca\/International\/wp-json\/wp\/v2\/posts\/34039\/revisions"}],"wp:featuredmedia":[{"embeddable":true,"href":"https:\/\/linitiative.ca\/International\/wp-json\/"}],"wp:attachment":[{"href":"https:\/\/linitiative.ca\/International\/wp-json\/wp\/v2\/media?parent=34039"}],"wp:term":[{"taxonomy":"category","embeddable":true,"href":"https:\/\/linitiative.ca\/International\/wp-json\/wp\/v2\/categories?post=34039"},{"taxonomy":"post_tag","embeddable":true,"href":"https:\/\/linitiative.ca\/International\/wp-json\/wp\/v2\/tags?post=34039"}],"curies":[{"name":"wp","href":"https:\/\/api.w.org\/{rel}","templated":true}]}}