{"id":34052,"date":"2019-05-13T15:19:40","date_gmt":"2019-05-13T19:19:40","guid":{"rendered":"https:\/\/linitiative.ca\/International\/attaque-terroriste-au-burkina-faso-et-aux-emirats-arabes-unis-lalgerie-condamne-avec-force\/"},"modified":"2019-05-13T15:19:40","modified_gmt":"2019-05-13T19:19:40","slug":"attaque-terroriste-au-burkina-faso-et-aux-emirats-arabes-unis-lalgerie-condamne-avec-force","status":"publish","type":"post","link":"https:\/\/linitiative.ca\/International\/attaque-terroriste-au-burkina-faso-et-aux-emirats-arabes-unis-lalgerie-condamne-avec-force\/","title":{"rendered":"Attaque terroriste au Burkina Faso et aux \u00e9mirats arabes unis :   L\u2019Alg\u00e9rie condamne  \u00ab avec force \u00bb"},"content":{"rendered":"<p>L&rsquo;Alg\u00e9rie a condamn\u00e9 \u00ab\u00a0avec force\u00a0\u00bb l&rsquo;attaque terroriste ayant cibl\u00e9, dimanche, une \u00e9glise dans le centre-nord du Burkina\u00a0 \u00a0Faso, a indiqu\u00e9 le porte-parole du minist\u00e8re des Affaires \u00e9trang\u00e8res, Abdelaziz Benali Cherif.\u00a0 \u00ab\u00a0Nous condamnons avec force l&rsquo;attaque terroriste meurtri\u00e8re qui a cibl\u00e9 hier, dimanche 12 mai, l&rsquo;\u00e9glise catholique de Dablo, dans le centre-nord du Burkina Faso, faisant des morts et plusieurs bless\u00e9s parmi les fid\u00e8les\u00a0\u00bb, a soulign\u00e9 M. Benali Cherif. \u00ab\u00a0L&rsquo;Alg\u00e9rie qui a subi les affres du terrorisme, assure le gouvernement et le peuple burkinab\u00e9 amis de son enti\u00e8re solidarit\u00e9 et r\u00e9it\u00e8re sa ferme condamnation du terrorisme sous toutes ses formes et manifestations\u00a0\u00bb, a-t-il affirm\u00e9.\u00a0 \u00ab\u00a0Nous pr\u00e9sentons nos sinc\u00e8res condol\u00e9ances aux familles des victimes de cet ignoble acte terroriste et exprimons notre sympathie \u00e0 l&rsquo;\u00e9gard des bless\u00e9s\u00a0\u00bb, a ajout\u00e9 le porte-parole du MAE.<\/p>\n<p>L&rsquo;Alg\u00e9rie a aussi condamn\u00e9 \u00ab\u00e9nergiquement\u00bb les actes de sabotage ayant cibl\u00e9 quatre navires pr\u00e8s des eaux territoriales des \u00c9mirats arabes unis (EAU). \u00abNous condamnons \u00e9nergiquement les actes de sabotage ayant cibl\u00e9, dimanche 12 mai 2019, quatre navires pr\u00e8s des eaux territoriales de l&rsquo;\u00c9tat des \u00c9mirats arabes unis et fustigeons de tels actes criminels qui constituent une menace pour la libert\u00e9 et la s\u00e9curit\u00e9 de la navigation et du transport maritimes\u00bb, a d\u00e9clar\u00e9 M. Benali Ch\u00e9rif. Il a, \u00e9galement, appel\u00e9 \u00abtous les acteurs au niveau international \u00e0 assurer toutes les conditions et moyens \u00e0 m\u00eame de pr\u00e9venir de tels actes, pour qu&rsquo;ils ne se reproduisent plus, par leur danger sur la libert\u00e9 de circulation et leurs r\u00e9percussions sur la s\u00e9curit\u00e9 r\u00e9gionale et internationale\u00bb. Les \u00c9mirats arabes unis avaient fait \u00e9tat dimanche d&rsquo;\u00abactes de sabotage\u00bb contre quatre navires commerciaux de diff\u00e9rentes nationalit\u00e9s \u00e0 l&rsquo;est de l&rsquo;\u00e9mirat de Fuja\u00efrah.\u00a0<\/p>\n<p>Auteur: elmoudjahid<br \/>\n<a href=\"http:\/\/www.elmoudjahid.com\/fr\/actualites\/136857\">Cliquez ici pour lire l&rsquo;article depuis sa source.<\/a><\/p>\n","protected":false},"excerpt":{"rendered":"<p>L&rsquo;Alg\u00e9rie a condamn\u00e9 \u00ab\u00a0avec force\u00a0\u00bb l&rsquo;attaque terroriste ayant cibl\u00e9, dimanche, une \u00e9glise dans le centre-nord du Burkina\u00a0 \u00a0Faso, a indiqu\u00e9 le porte-parole du minist\u00e8re des Affaires \u00e9trang\u00e8res, Abdelaziz Benali Cherif.\u00a0 \u00ab\u00a0Nous condamnons avec force l&rsquo;attaque terroriste meurtri\u00e8re qui a cibl\u00e9 hier, dimanche 12 mai, l&rsquo;\u00e9glise catholique de Dablo, dans le centre-nord du Burkina Faso, faisant [&hellip;]<\/p>\n","protected":false},"author":1744,"featured_media":0,"comment_status":"closed","ping_status":"closed","sticky":false,"template":"","format":"standard","meta":{"fifu_image_url":"","fifu_image_alt":"","footnotes":""},"categories":[73,53],"tags":[],"class_list":["post-34052","post","type-post","status-publish","format-standard","hentry","category-actualite","category-algerie"],"_links":{"self":[{"href":"https:\/\/linitiative.ca\/International\/wp-json\/wp\/v2\/posts\/34052","targetHints":{"allow":["GET"]}}],"collection":[{"href":"https:\/\/linitiative.ca\/International\/wp-json\/wp\/v2\/posts"}],"about":[{"href":"https:\/\/linitiative.ca\/International\/wp-json\/wp\/v2\/types\/post"}],"author":[{"embeddable":true,"href":"https:\/\/linitiative.ca\/International\/wp-json\/wp\/v2\/users\/1744"}],"replies":[{"embeddable":true,"href":"https:\/\/linitiative.ca\/International\/wp-json\/wp\/v2\/comments?post=34052"}],"version-history":[{"count":0,"href":"https:\/\/linitiative.ca\/International\/wp-json\/wp\/v2\/posts\/34052\/revisions"}],"wp:attachment":[{"href":"https:\/\/linitiative.ca\/International\/wp-json\/wp\/v2\/media?parent=34052"}],"wp:term":[{"taxonomy":"category","embeddable":true,"href":"https:\/\/linitiative.ca\/International\/wp-json\/wp\/v2\/categories?post=34052"},{"taxonomy":"post_tag","embeddable":true,"href":"https:\/\/linitiative.ca\/International\/wp-json\/wp\/v2\/tags?post=34052"}],"curies":[{"name":"wp","href":"https:\/\/api.w.org\/{rel}","templated":true}]}}