{"id":34053,"date":"2019-05-13T15:19:42","date_gmt":"2019-05-13T19:19:42","guid":{"rendered":"https:\/\/linitiative.ca\/International\/nouvelles-de-setif\/"},"modified":"2019-05-13T15:19:42","modified_gmt":"2019-05-13T19:19:42","slug":"nouvelles-de-setif","status":"publish","type":"post","link":"https:\/\/linitiative.ca\/International\/nouvelles-de-setif\/","title":{"rendered":"NOUVELLES de S\u00c9TIF"},"content":{"rendered":"<p><strong>Conseil de wilaya<\/strong><\/p>\n<p><strong>Aides financi\u00e8res pour 67.000 familles d\u00e9munies<\/strong><\/p>\n<p>Ramadhan, la rentr\u00e9e scolaire 2019-2020 et d\u2019autres points non moins importants inh\u00e9rents, notamment \u00e0 l\u2019am\u00e9lioration du quotidien du citoyen, ont constitu\u00e9 les points forts du premier conseil de wilaya du nouveau wali, Mohamed Belkateb.\u00a0<\/p>\n<div readability=\"47\">\n<p>Une rencontre marqu\u00e9e par des expos\u00e9s des directeurs de l\u2019ex\u00e9cutif , des recommandations et instructions du premier responsable de cette wilaya, \u00e0 la lumi\u00e8re de la situation qui pr\u00e9vaut dans ces secteurs et les exigences imm\u00e9diates qu\u2019impliquent d\u2019autres dossiers, \u00e0 l\u2019instar de celui du mois de Ramadhan .<\/p>\n<p>Dans une wilaya o\u00f9 pas moins de 67.241 familles n\u00e9cessiteuses b\u00e9n\u00e9ficieront en ce Ramadhan d\u2019une aide financi\u00e8re pour un montant global de\u00a0<\/p>\n<p>38 779 866,00 d\u00e9bloqu\u00e9 par la wilaya, le minist\u00e8re de la Solidarit\u00e9 nationale, de la Famille et de la Condition f\u00e9minine, les communes et le secteur des affaires religieuses, notamment le Fonds de la Zaket .\u00a0<\/p>\n<p>Des mesures importantes ont \u00e9t\u00e9 \u00e9galement prises \u00e0 l\u2019effet d\u2019assurer une couverture globale de 77.380 aides avec la contribution de m\u00e9c\u00e8nes et du fonds de solidarit\u00e9 des collectivit\u00e9s locales.<\/p>\n<p>Le wali insistera sur la n\u00e9cessit\u00e9 d\u2019\u00e9tablir des fichiers communaux des personnes d\u00e9munies et celles aux besoins sp\u00e9cifiques, appelles \u00e0 agir sur les indicateurs de pauvret\u00e9 et \u0153uvrer en direction des zones \u00e0 promouvoir.\u00a0<\/p>\n<p>Il insistera particuli\u00e8rement\u00a0 sur la n\u00e9cessit\u00e9 d\u2019approvisionner r\u00e9guli\u00e8rement le march\u00e9 en produits alimentaires et rester en ce mois sacr\u00e9 constamment \u00e0 l\u2019\u00e9coute des fluctuations pour assurer la r\u00e9gulation n\u00e9cessaire et lutter contre la sp\u00e9culation.<\/p>\n<p>Il sera \u00e9galement sans concession sur le volet de la propret\u00e9 et de l\u2019hygi\u00e8ne des abattoirs.\u00a0 103 restaurants de l\u2019Iftar seront par ailleurs\u00a0 fonctionnels durant ce mois sacr\u00e9 dont 72 approvisionn\u00e9s par des bienfaiteurs, 27 autres par le mouvement associatif et 6 rel\u00e8vent des communes, \u00e0 l\u2019effet d\u2019assurer 200.000 repas, dont 110.000 sous forme de repas \u00e0 emporter.\u00a0<\/p>\n<p><strong>\u00e9ducation<\/strong><\/p>\n<div readability=\"26.5\">\n<p><strong>411.000 \u00e9l\u00e8ves \u00e0 la prochaine rentr\u00e9e<\/strong><\/p>\n<div readability=\"47.5\">\n<p>Le secteur de l\u2019\u00e9ducation est marqu\u00e9 par l\u2019importance de ses effectifs qui lui permettent d\u2019\u00eatre log\u00e9 au premier rang au niveau national de par le nombre d\u2019infrastructures p\u00e9dagogiques implant\u00e9es dans les endroits les plus recul\u00e9s, permettant \u00e0 des centaines de milliers d\u2019enfants d\u2019aller \u00e0 la conqu\u00eate du savoir.\u00a0<\/p>\n<p>Un secteur\u00a0 qui compte aujourd\u2019hui pr\u00e8s de 410.000 \u00e9l\u00e8ves au niveau des trois paliers, structur\u00e9s dans plus de 100 lyc\u00e9es fonctionnels, 229 Cem et 866 \u00e9coles primaires qui attestent des investissements d\u2019envergure consentis par l\u2019Etat\u00a0 dans cette wilaya o\u00f9 il continue de faire l\u2019objet de la plus haute attention.<\/p>\n<p>Cela traduit, \u00e0 sa juste dimension, l\u2019examen d\u2019un tel dossier lors du dernier Conseil de wilaya pr\u00e9sid\u00e9 par le wali, Mohamed Belkateb, avec entre autres au programme, la rentr\u00e9e scolaire 2019-2020 et les dispositions prises pour accueillir dans les meilleurs conditions les nouveaux \u00e9l\u00e8ves.<\/p>\n<p>Un point d\u2019autant plus important quand on sait qu\u2019\u00e0 la prochaine rentr\u00e9e l\u2019effectif atteindra 411.222 \u00e9l\u00e8ves au niveau des trois paliers.\u00a0<\/p>\n<p>Intervenant apr\u00e8s les directeurs de wilaya, directement impliqu\u00e9s dans la pr\u00e9paration de cette rentr\u00e9e scolaire, le wali qui d\u00e9cidera des rencontres hebdomadaires consacr\u00e9es essentiellement \u00e0 ce volet, instruira le directeur des \u00e9quipements publics de mettre en \u0153uvre les dispositions n\u00e9cessaires \u00e0 l\u2019effet de livrer rapidement les infrastructures attendues, sachant de surcroit que cette rentr\u00e9e sera marqu\u00e9e par la livraison de 3 nouveaux lyc\u00e9es, 4 CEM et 11 \u00e9coles primaires, souligne Bezala Abdelaziz, le directeur de l\u2019\u00e9ducation.Le chef de l\u2019ex\u00e9cutif recommandera l\u2019utilisation de salles de classe dans les \u00e9coles d\u00e9munies de cantines pour permettre aux \u00e9l\u00e8ves n\u00e9cessiteux d\u2019y recevoir des repas chauds et donne des instructions fermes pour interdire les rations froides. L\u2019int\u00e9gration du chauffage central dans les nouvelles \u00e9coles et un choix unifi\u00e9 dans la r\u00e9alisation du lot peinture, de m\u00eame que le rev\u00eatement en gazon synth\u00e9tique des cours des lyc\u00e9es et CEM ont \u00e9t\u00e9 les autres directives de Mohamed Belkateb dans une wilaya qui s\u2019est hiss\u00e9e au top 5 des examens scolaires et entend le rester.\u00a0<\/p>\n<div readability=\"23.5\">\n<p><strong>Ramadhan et s\u00e9curit\u00e9\u00a0<\/strong><\/p>\n<p><strong>5.000 policiers sur le terrain<\/strong><\/p>\n<p>Pas moins de 5.000 policiers sont d\u00e9ploy\u00e9s sur le terrain en ce mois de ramadhan pour assurer la s\u00e9curit\u00e9 et la qui\u00e9tude du citoyen au titre du programme d\u2019envergure mis en place par les services de la S\u00fbret\u00e9 de wilaya et assurer la fluidit\u00e9 de la circulation qui prend s\u2019accroit grandement en ce mois sacr\u00e9.<\/p>\n<div readability=\"51.5\">\n<p>Ce plan, indique par ailleurs la cellule de communication et des relations publiques\u00a0 de la S\u00fbret\u00e9 de wilaya, permettra d\u2019assurer une couverture optimale des lieux publics, march\u00e9s, centres commerciaux ainsi que des jardins publics et des espaces de divertissements qui accueillent de nombreuses familles.<\/p>\n<p>Ce dispositif consiste \u00e9galement \u00e0 renforcer la pr\u00e9sence constante des forces de police sur le terrain et, partant, intensifier les patrouilles p\u00e9destres et motoris\u00e9es ainsi que les points de contr\u00f4le aux points sensibles des centres urbains relevant de la comp\u00e9tence territoriale de ce corps de s\u00e9curit\u00e9, dont les \u00e9l\u00e9ments s\u2019att\u00e8lent \u00e0 accompagner les familles jusqu\u2019\u00e0 une heure tardive de la nuit.\u00a0<\/p>\n<p>Un programme d\u2019autant plus important et plus efficace qu\u2019il sera consolid\u00e9 par la mise en \u0153uvre du syst\u00e8me de vid\u00e9osurveillance qui constitue un acquis de taille aussi bien pour cette institution que pour les nombreuses zones qu\u2019il couvre dans le but d\u2019assurer la s\u00e9curit\u00e9 des citoyens et de leurs biens, ind\u00e9pendamment du renforcement des effectifs charg\u00e9s de la s\u00e9curisation du tramway et des nombreux adeptes qui l\u2019empruntent jusqu\u2019au premi\u00e8re lueur du jour sur un itin\u00e9raire de plus de 15 km \u00e0 travers les grands quartiers et cit\u00e9s populaires de la ville.<\/p>\n<div readability=\"52\">\n<p><strong>Commerce<\/strong><\/p>\n<p><strong>5 licences d\u2019importation de viande rouge<\/strong><\/p>\n<p>95.380 commer\u00e7ants composent cet important tissu dans tous ses segments, \u00e0 travers la wilaya r\u00e9put\u00e9e pour sa dynamique commerciale, qui lui permet aujourd\u2019hui de se hisser au rang de p\u00f4le important et de s\u2019ouvrir sur des perspectives d\u2019envergure au vu des investissements consentis et partant, de grands projets structurants qui permettent \u00e0 cette wilaya de rayonner sur un bassin de population de plus de 6 millions d\u2019habitants.<\/p>\n<p>La derni\u00e8re r\u00e9union du Conseil de wilaya pr\u00e9sid\u00e9e par le wali a \u00e9t\u00e9 r\u00e9v\u00e9latrice de ces potentialit\u00e9s, mais aussi dans certains cr\u00e9neaux qui constituent encore les maillons faibles de cette dynamique, qui s\u2019appuie sur les 13.487 commer\u00e7ants du secteur industriel qui n\u2019est pas sans conf\u00e9rer la part du lion au commerce de d\u00e9tail avec 44.000 commer\u00e7ants\u00a0 et plus de 30.000 autres dans le cadre des services.\u2008Le reste \u00e9tant r\u00e9parti sur le commerce de gros (4.178), l\u2019artisanat, un espace important pour les importateurs mais aussi des initiatives encourageantes dans le domaine de l\u2019exportation.<\/p>\n<p>Ce sont l\u00e0 autant d\u2019acquis soutenus par des infrastructures non moins importantes \u00e0 l\u2019image du march\u00e9 de gros abritant 279 commer\u00e7ants o\u00f9 transitent une moyenne de 4.000 tonnes\/jour de ces produits, 26 \u00abaswak\u00bb couverts, 54 march\u00e9s de proximit\u00e9, ainsi que 75 abattoirs avicoles et 25 autres de viande rouge pour ne citer que ces exemples.<\/p>\n<p>Des potentialit\u00e9s qui n\u2019ont pas \u00e9t\u00e9 sans retenir l\u2019attention, au moment o\u00f9 le mois sacr\u00e9 de ramadhan est l\u00e0, avec ses sp\u00e9cificit\u00e9s, qui appellent, comme devait le souligner le wali, \u00e0 une pr\u00e9sence constante sur le march\u00e9 en veillant \u00e0 la disponibilit\u00e9 des produits alimentaires qui est le meilleur moyen de lutter contre la sp\u00e9culation. Une instruction d\u2019autant plus importante qu\u2019elle incite en effet \u00e0 agir davantage pour couvrir les cr\u00e9neaux sensibles qui flambent durant ce mois pour pr\u00e9server la bourse du consommateur.\u00a0<\/p>\n<p>Il reste qu\u2019avec une capacit\u00e9 de production de 250.000 litres\/jour de lait pasteuris\u00e9 et 80.000 autres de lait de vache, la disponibilit\u00e9 sera assur\u00e9e\u00a0 durant ce mois avec 108 distributeurs. Par ailleurs 70 tonnes de viande rouge seront commercialis\u00e9es cette ann\u00e9e par l\u2019apport des 5 licences d\u2019importation octroy\u00e9es par le minist\u00e8re de l\u2019Agriculture pour une quantit\u00e9 de 1.433 tonnes de viande rouge, ajoutera la directeur de wilaya du commerce au cours de cette r\u00e9union.<\/p>\n<p>La production avicole ne sera pas en reste sachant que 210.000 poulets seront mis en vente chaque jour au moment o\u00f9 la production quotidienne d\u2019\u0153ufs atteindra les 2 millions d\u2019unit\u00e9s.\u00a0<\/p>\n<\/div>\n<\/div>\n<\/div>\n<\/div>\n<\/div>\n<\/div>\n<p>Auteur: elmoudjahid<br \/>\n<a href=\"http:\/\/www.elmoudjahid.com\/fr\/actualites\/136859\">Cliquez ici pour lire l&rsquo;article depuis sa source.<\/a><\/p>\n","protected":false},"excerpt":{"rendered":"<p>Conseil de wilaya Aides financi\u00e8res pour 67.000 familles d\u00e9munies Ramadhan, la rentr\u00e9e scolaire 2019-2020 et d\u2019autres points non moins importants inh\u00e9rents, notamment \u00e0 l\u2019am\u00e9lioration du quotidien du citoyen, ont constitu\u00e9 les points forts du premier conseil de wilaya du nouveau wali, Mohamed Belkateb.\u00a0 Une rencontre marqu\u00e9e par des expos\u00e9s des directeurs de l\u2019ex\u00e9cutif , des [&hellip;]<\/p>\n","protected":false},"author":1744,"featured_media":0,"comment_status":"closed","ping_status":"closed","sticky":false,"template":"","format":"standard","meta":{"fifu_image_url":"","fifu_image_alt":"","footnotes":""},"categories":[73,53],"tags":[],"class_list":["post-34053","post","type-post","status-publish","format-standard","hentry","category-actualite","category-algerie"],"_links":{"self":[{"href":"https:\/\/linitiative.ca\/International\/wp-json\/wp\/v2\/posts\/34053","targetHints":{"allow":["GET"]}}],"collection":[{"href":"https:\/\/linitiative.ca\/International\/wp-json\/wp\/v2\/posts"}],"about":[{"href":"https:\/\/linitiative.ca\/International\/wp-json\/wp\/v2\/types\/post"}],"author":[{"embeddable":true,"href":"https:\/\/linitiative.ca\/International\/wp-json\/wp\/v2\/users\/1744"}],"replies":[{"embeddable":true,"href":"https:\/\/linitiative.ca\/International\/wp-json\/wp\/v2\/comments?post=34053"}],"version-history":[{"count":0,"href":"https:\/\/linitiative.ca\/International\/wp-json\/wp\/v2\/posts\/34053\/revisions"}],"wp:attachment":[{"href":"https:\/\/linitiative.ca\/International\/wp-json\/wp\/v2\/media?parent=34053"}],"wp:term":[{"taxonomy":"category","embeddable":true,"href":"https:\/\/linitiative.ca\/International\/wp-json\/wp\/v2\/categories?post=34053"},{"taxonomy":"post_tag","embeddable":true,"href":"https:\/\/linitiative.ca\/International\/wp-json\/wp\/v2\/tags?post=34053"}],"curies":[{"name":"wp","href":"https:\/\/api.w.org\/{rel}","templated":true}]}}