{"id":34059,"date":"2019-05-13T15:19:57","date_gmt":"2019-05-13T19:19:57","guid":{"rendered":"https:\/\/linitiative.ca\/International\/election-presidentielle-stabilite-et-satisfaction-des-revendications-populaires-les-nouveaux-defis\/"},"modified":"2019-05-13T15:19:57","modified_gmt":"2019-05-13T19:19:57","slug":"election-presidentielle-stabilite-et-satisfaction-des-revendications-populaires-les-nouveaux-defis","status":"publish","type":"post","link":"https:\/\/linitiative.ca\/International\/election-presidentielle-stabilite-et-satisfaction-des-revendications-populaires-les-nouveaux-defis\/","title":{"rendered":"\u00c9lection pr\u00e9sidentielle, stabilit\u00e9 et satisfaction des revendications populaires  :  Les nouveaux d\u00e9fis"},"content":{"rendered":"<p>Ce n\u2019est que par la voie du dialogue qu\u2019un consensus pourrait \u00e9merger quant \u00e0 la tenue d\u2019une \u00e9lection pr\u00e9sidentielle cr\u00e9dible et transparente.<\/p>\n<p>L\u2019\u00e9lection pr\u00e9sidentielle pr\u00e9occupe nombre de nos politiques qui y vont chacun de sa propre analyse. Ces avis, auxquels s\u2019ajoutent ceux d\u2019experts en droit\u00a0 constitutionnel, s\u2019ils divergent sur la mani\u00e8re \u00e0 faire valoir pour r\u00e9ussir une pr\u00e9sidentielle devant conforter v\u00e9ritablement et d\u00e9finitivement la souverainet\u00e9 du peuple, s\u2019accordent toutefois sur le fait que seul un scrutin au suffrage universel est la solution la plus indiqu\u00e9e au contexte actuel. Un contexte qui n\u2019est pas forc\u00e9ment synonyme d\u2019une situation de crise comme certains s\u2019empressent \u00e0 la qualifier.\u00a0<\/p>\n<p>En effet, les \u00e9v\u00e8nements qu\u2019a connus le\u00a0 pays depuis le 22 f\u00e9vrier et qui sont toujours d\u2019actualit\u00e9\u00a0 peuvent aussi \u00eatre per\u00e7us\u00a0 \u00a0 \u00a0 \u00a0 comme une aubaine, sinon l\u2019\u00e9l\u00e9ment d\u00e9clencheur d\u2019une profonde mutation ouvrant grandement\u00a0 la porte vers une nouvelle R\u00e9publique plurielle, citoyenne, progressiste dans sa promotion\u00a0 des libert\u00e9s individuelles et collectives, r\u00e9solument tourn\u00e9e vers la modernit\u00e9.\u00a0<\/p>\n<p>D\u2019aucuns approuvent en effet que le contexte actuel fait d\u2019une dynamique de manifestations pacifiques pour le triomphe des libert\u00e9s d\u00e9mocratique et d\u2019une justice de qualit\u00e9 est propice \u00e0 la cons\u00e9cration d\u2019une nouvelle \u00e8re de gouvernance. Nombreux sont les espoirs nourris par les dignes enfants de ce peuple quant \u00e0 voir l\u2019\u00e9volution de la situation politique se traduire par une rupture totale avec les pratiques de gestion des affaires publiques qui sont \u00e0 la fois improductives, ayant fait que le pays peine \u00e0 prendre son envol, en d\u00e9pit du riche potentiel dont il dispose. Cela ne rel\u00e8ve pas de l\u2019impossible, loin s\u2019en faut, pour un peuple qui s\u2019est distingu\u00e9 tout au long de son histoire plusieurs fois mill\u00e9naire par un refus cat\u00e9gorique d\u2019all\u00e9geance et une farouche volont\u00e9 de surmonter toute \u00e9preuve.\u00a0\u00a0<\/p>\n<p>A ce propos, n\u2019est-ce pas que l\u2019ind\u00e9pendance du peuple alg\u00e9rien arrach\u00e9e de haute lutte est l\u2019une des \u00e9pop\u00e9es phares inscrites parmi les \u00e9v\u00e9nements majeurs du\u00a0 si\u00e8cle dernier? N\u2019est-ce pas ce m\u00eame peuple qui a r\u00e9sist\u00e9 et vaincu seul le terrorisme barbare ayant, dix ann\u00e9es\u00a0 \u00a0durant, sem\u00e9 mort et d\u00e9solation\u00a0 dans le pays? Aujourd\u2019hui, les Alg\u00e9riens font face \u00e0 de nouveaux d\u00e9fis\u00a0 qui n\u2019ont d\u2019\u00e9gal que le caract\u00e8re sensible de la\u00a0 conjoncture que traverse le pays. Le premier de ces d\u00e9fis est, \u00e0 l\u2019\u00e9vidence, celui de la\u00a0 pr\u00e9servation de l\u2019int\u00e9r\u00eat supr\u00eame, de la stabilit\u00e9 et de la coh\u00e9sion nationale. Ce\u00a0 qui devrait s\u2019inscrire au rang des priorit\u00e9s de nos\u00a0 politiques et d\u2019autres repr\u00e9sentant de la soci\u00e9t\u00e9\u00a0 \u00a0civile, d\u2019autant plus que l\u2019Etat major de l\u2019ANP avertit de l\u2019existence de complots tram\u00e9s par des groupuscules qui voudraient voir la situation actuelle perdurer davantage vers l\u2019anarchie et le chaos. L\u2019autre d\u00e9fi qu\u2019il faudrait aussi\u00a0 relever sans trop tarder est de parvenir \u00e0 une\u00a0 solution consensuelle entre les officiels de l\u2019Etat et les repr\u00e9sentants de la classe politique et de la soci\u00e9t\u00e9\u00a0 civile. A ce propos,\u00a0 si le Chef de l\u2019Etat maintient l\u2019organisation de l\u2019\u00e9lection pr\u00e9sidentielle le 4 juillet, soit dans le respect des \u00e9ch\u00e9ances\u00a0 constitutionnelles, c\u2019est aussi compte\u00a0 tenu du fait\u00a0 que son appel\u00a0 au\u00a0 dialogue, toujours en vigueur, n\u2019a pas encore \u00e9t\u00e9\u00a0 suivi par\u00a0 l\u2019ouverture de consultations. Et\u00a0 bizarrement,\u00a0 ce sont ces m\u00eames voix\u00a0 qui refusent de r\u00e9pondre\u00a0 \u00e0 l\u2019appel\u00a0 au\u00a0 dialogue\u00a0 maintes fois r\u00e9it\u00e9r\u00e9 par le Chef de l\u2019Etat qui rejettent l\u2019option d\u2019une pr\u00e9sidentielle le\u00a0 4 juillet.\u00a0<\/p>\n<p>Or, le bon sens\u00a0 aurait voulu que l\u2019ensemble des partis\u00a0 politiques et repr\u00e9sentants\u00a0 de la soci\u00e9t\u00e9 civile\u00a0 puisse adh\u00e9rer\u00a0 \u00e0 un processus de r\u00e9flexion sur la voie devant permettre de transcender la situation actuelle et d\u2019aller vers des \u00e9lections d\u00e9mocratiques.\u00a0 \u00a0 \u00a0<\/p>\n<p>Ce\u00a0 n\u2019est\u00a0 que par la\u00a0 voie du\u00a0 dialogue\u00a0 en\u00a0 effet qu\u2019 un consensus pourrait \u00e9merger quant \u00e0 la tenue\u00a0 l\u2019\u00e9lection pr\u00e9sidentielle cr\u00e9dible et\u00a0 transparente\u00a0 \u00a0pour, ensuite,\u00a0 \u00a0\u0153uvrer\u00a0 \u00e0 cristalliser les revendications exprim\u00e9es par des millions d\u2019Alg\u00e9riens lors des marches pacifiques\u00a0 pour\u00a0 un\u00a0 changement radical.<\/p>\n<p><strong>\u00a0Karim Aoudia\u00a0\u00a0<\/strong><\/p>\n<p>Auteur: elmoudjahid<br \/>\n<a href=\"http:\/\/www.elmoudjahid.com\/fr\/actualites\/136865\">Cliquez ici pour lire l&rsquo;article depuis sa source.<\/a><\/p>\n","protected":false},"excerpt":{"rendered":"<p>Ce n\u2019est que par la voie du dialogue qu\u2019un consensus pourrait \u00e9merger quant \u00e0 la tenue d\u2019une \u00e9lection pr\u00e9sidentielle cr\u00e9dible et transparente. L\u2019\u00e9lection pr\u00e9sidentielle pr\u00e9occupe nombre de nos politiques qui y vont chacun de sa propre analyse. Ces avis, auxquels s\u2019ajoutent ceux d\u2019experts en droit\u00a0 constitutionnel, s\u2019ils divergent sur la mani\u00e8re \u00e0 faire valoir pour [&hellip;]<\/p>\n","protected":false},"author":1744,"featured_media":0,"comment_status":"closed","ping_status":"closed","sticky":false,"template":"","format":"standard","meta":{"fifu_image_url":"","fifu_image_alt":"","footnotes":""},"categories":[73,53],"tags":[],"class_list":["post-34059","post","type-post","status-publish","format-standard","hentry","category-actualite","category-algerie"],"_links":{"self":[{"href":"https:\/\/linitiative.ca\/International\/wp-json\/wp\/v2\/posts\/34059","targetHints":{"allow":["GET"]}}],"collection":[{"href":"https:\/\/linitiative.ca\/International\/wp-json\/wp\/v2\/posts"}],"about":[{"href":"https:\/\/linitiative.ca\/International\/wp-json\/wp\/v2\/types\/post"}],"author":[{"embeddable":true,"href":"https:\/\/linitiative.ca\/International\/wp-json\/wp\/v2\/users\/1744"}],"replies":[{"embeddable":true,"href":"https:\/\/linitiative.ca\/International\/wp-json\/wp\/v2\/comments?post=34059"}],"version-history":[{"count":0,"href":"https:\/\/linitiative.ca\/International\/wp-json\/wp\/v2\/posts\/34059\/revisions"}],"wp:attachment":[{"href":"https:\/\/linitiative.ca\/International\/wp-json\/wp\/v2\/media?parent=34059"}],"wp:term":[{"taxonomy":"category","embeddable":true,"href":"https:\/\/linitiative.ca\/International\/wp-json\/wp\/v2\/categories?post=34059"},{"taxonomy":"post_tag","embeddable":true,"href":"https:\/\/linitiative.ca\/International\/wp-json\/wp\/v2\/tags?post=34059"}],"curies":[{"name":"wp","href":"https:\/\/api.w.org\/{rel}","templated":true}]}}