{"id":34060,"date":"2019-05-13T15:20:00","date_gmt":"2019-05-13T19:20:00","guid":{"rendered":"https:\/\/linitiative.ca\/International\/algerie-finlande-favorables-a-la-conclusion-dun-accord-de-non-double-imposition\/"},"modified":"2019-05-13T15:20:00","modified_gmt":"2019-05-13T19:20:00","slug":"algerie-finlande-favorables-a-la-conclusion-dun-accord-de-non-double-imposition","status":"publish","type":"post","link":"https:\/\/linitiative.ca\/International\/algerie-finlande-favorables-a-la-conclusion-dun-accord-de-non-double-imposition\/","title":{"rendered":"Alg\u00e9rie &#8211; Finlande :  Favorables \u00e0 la conclusion d\u2019un accord de non-double imposition"},"content":{"rendered":"<p>Le ministre des Finances, Mohamed Loukal et l&rsquo;ambassadrice de la Finlande, Mme Tuula Svinhfvud, ont convenu lundi de la n\u00e9cessit\u00e9 de relancer les n\u00e9gociations pour la conclusion d&rsquo;un\u00a0 \u00a0accord bilat\u00e9ral sur la non double imposition, indique un communiqu\u00e9 du minist\u00e8re.\u00a0<\/p>\n<p>Abordant les \u00e9ventuelles actions \u00e0 entreprendre pour le renforcement du dispositif institutionnel encadrant la coop\u00e9ration bilat\u00e9rale, lors d&rsquo;une\u00a0 \u00a0audience accord\u00e9e par le ministre \u00e0 l&rsquo;ambassadrice qui lui rendait une visite d&rsquo;adieu au terme de sa mission en Alg\u00e9rie, les deux parties \u00ab\u00a0ont retenu le besoin de relancer les n\u00e9gociations relatives \u00e0 la conclusion d&rsquo;un accord portant sur la non double imposition\u00a0\u00bb, selon le communiqu\u00e9.\u00a0<\/p>\n<p>Il a \u00e9t\u00e9 estim\u00e9 qu&rsquo;un tel instrument juridique \u00e9tait \u00ab\u00a0de nature \u00e0 contribuer \u00e0 offrir davantage de garanties et de facilit\u00e9s aux investisseurs\u00a0\u00bb. La rencontre a, en outre, \u00e9t\u00e9 l&rsquo;occasion pour les deux parties de passer en revue l&rsquo;\u00e9tat de la coop\u00e9ration bilat\u00e9rale et \u00e9voquer les voies et moyens\u00a0 \u00a0susceptibles de la renforcer davantage.\u00a0<\/p>\n<p>Mme Svinhfvude a exprim\u00e9 sa satisfaction quant \u00ab\u00a0au succ\u00e8s rencontr\u00e9 par les quelques op\u00e9rations de partenariat d\u00e9j\u00e0 engag\u00e9 entre les op\u00e9rateurs \u00e9conomiques des deux pays, lesquelles pourraient servir d&rsquo;exemples pour lancer d&rsquo;autres projets et b\u00e2tir une relation mutuelle dense et fructueuse\u00a0\u00bb, selon la m\u00eame source.\u00a0<\/p>\n<p>Soulignant l&rsquo;int\u00e9r\u00eat port\u00e9 par une multitude d&rsquo;entreprises finlandaises pour le march\u00e9 alg\u00e9rien, l&rsquo;ambassadrice a fait \u00e9tat de \u00ab\u00a0discussions avanc\u00e9es\u00a0\u00bb sur un nombre de projets \u00e0 m\u00eame \u00ab\u00a0d&rsquo;apporter une contribution qualitative \u00e0 l&rsquo;\u00e9conomie alg\u00e9rienne\u00a0\u00bb.\u00a0<\/p>\n<p>Auteur: elmoudjahid<br \/>\n<a href=\"http:\/\/www.elmoudjahid.com\/fr\/actualites\/136866\">Cliquez ici pour lire l&rsquo;article depuis sa source.<\/a><\/p>\n","protected":false},"excerpt":{"rendered":"<p>Le ministre des Finances, Mohamed Loukal et l&rsquo;ambassadrice de la Finlande, Mme Tuula Svinhfvud, ont convenu lundi de la n\u00e9cessit\u00e9 de relancer les n\u00e9gociations pour la conclusion d&rsquo;un\u00a0 \u00a0accord bilat\u00e9ral sur la non double imposition, indique un communiqu\u00e9 du minist\u00e8re.\u00a0 Abordant les \u00e9ventuelles actions \u00e0 entreprendre pour le renforcement du dispositif institutionnel encadrant la coop\u00e9ration [&hellip;]<\/p>\n","protected":false},"author":1744,"featured_media":0,"comment_status":"closed","ping_status":"closed","sticky":false,"template":"","format":"standard","meta":{"fifu_image_url":"","fifu_image_alt":"","footnotes":""},"categories":[73,53],"tags":[],"class_list":["post-34060","post","type-post","status-publish","format-standard","hentry","category-actualite","category-algerie"],"_links":{"self":[{"href":"https:\/\/linitiative.ca\/International\/wp-json\/wp\/v2\/posts\/34060","targetHints":{"allow":["GET"]}}],"collection":[{"href":"https:\/\/linitiative.ca\/International\/wp-json\/wp\/v2\/posts"}],"about":[{"href":"https:\/\/linitiative.ca\/International\/wp-json\/wp\/v2\/types\/post"}],"author":[{"embeddable":true,"href":"https:\/\/linitiative.ca\/International\/wp-json\/wp\/v2\/users\/1744"}],"replies":[{"embeddable":true,"href":"https:\/\/linitiative.ca\/International\/wp-json\/wp\/v2\/comments?post=34060"}],"version-history":[{"count":0,"href":"https:\/\/linitiative.ca\/International\/wp-json\/wp\/v2\/posts\/34060\/revisions"}],"wp:attachment":[{"href":"https:\/\/linitiative.ca\/International\/wp-json\/wp\/v2\/media?parent=34060"}],"wp:term":[{"taxonomy":"category","embeddable":true,"href":"https:\/\/linitiative.ca\/International\/wp-json\/wp\/v2\/categories?post=34060"},{"taxonomy":"post_tag","embeddable":true,"href":"https:\/\/linitiative.ca\/International\/wp-json\/wp\/v2\/tags?post=34060"}],"curies":[{"name":"wp","href":"https:\/\/api.w.org\/{rel}","templated":true}]}}