{"id":34061,"date":"2019-05-13T07:58:13","date_gmt":"2019-05-13T11:58:13","guid":{"rendered":"https:\/\/linitiative.ca\/International\/89352-athletisme-meeting-de-paulezhausen-victoire-de-l-algerien-oussama-cherrad-en-1000-m\/"},"modified":"2019-05-13T07:58:13","modified_gmt":"2019-05-13T11:58:13","slug":"89352-athletisme-meeting-de-paulezhausen-victoire-de-l-algerien-oussama-cherrad-en-1000-m","status":"publish","type":"post","link":"https:\/\/linitiative.ca\/International\/89352-athletisme-meeting-de-paulezhausen-victoire-de-l-algerien-oussama-cherrad-en-1000-m\/","title":{"rendered":"Athl\u00e9tisme\/Meeting de Paulezhausen: victoire de Oussama Cherrad en 1000 m"},"content":{"rendered":"<div>\n<div class=\"K2FeedImage\"><img decoding=\"async\" src=\"http:\/\/www.aps.dz\/media\/k2\/items\/cache\/d3b7c79dc7f0097c2d9e1444d7619250_S.jpg\" alt=\"Athl\u00e9tisme\/Meeting de Paulezhausen: victoire de Oussama Cherrad en 1000 m\"><\/div>\n<div class=\"K2FeedIntroText\">\n<p><strong>BERLIN &#8211; Le coureur alg\u00e9rien Oussama Cherrad a remport\u00e9 haut la main le 1000 m\u00e8tres du meeting international de Paulezhausen, disput\u00e9 dimanche en Allemagne.<\/strong><\/p>\n<\/div>\n<div class=\"K2FeedFullText\">\n<p>Le repr\u00e9sentant alg\u00e9rien a boucl\u00e9 la distance en 2.22:13, devant deux Allemands de la r\u00e9gion de Karlsruhe, respectivement Christoph Kesler (2.22:32) et Pascal Kleyer (2.23:05).<\/p>\n<p>\u00ab\u00a0Je ne peux qu&rsquo;\u00eatre satisfait de la performance de Cherrad\u00a0\u00bb a assur\u00e9 son entra\u00eeneur, Brahim Chettih, car outre le fait que \u00ab\u00a0c&rsquo;\u00e9tait une premi\u00e8re pour lui cette saison, il a r\u00e9ussi un chrono proche du record national de l&rsquo;\u00e9preuve (2.19:00)\u00a0\u00bb a-t-il expliqu\u00e9.<\/p>\n<p>Toujours selon la m\u00eame source, \u00ab\u00a0la prochaine sortie de Cherrad sera sur le 1500m d&rsquo;un autre meeting international, pr\u00e9vu le 18 mai courant en Allemagne\u00a0\u00bb.<\/p>\n<\/div>\n<p><img loading=\"lazy\" decoding=\"async\" src=\"http:\/\/feeds.feedburner.com\/~r\/aps-sport\/~4\/VJYCS0bi24w\" height=\"1\" width=\"1\" alt=\"\"><\/div>\n<p>Auteur:<br \/>\n<a href=\"http:\/\/www.aps.dz\/sport\/89352-athletisme-meeting-de-paulezhausen-victoire-de-l-algerien-oussama-cherrad-en-1000-m?utm_source=feedburner&#038;utm_medium=feed&#038;utm_campaign=Feed%3A+aps-sport+%28APS+-+SPORT%29\">Cliquez ici pour lire l&rsquo;article depuis sa source.<\/a><\/p>\n","protected":false},"excerpt":{"rendered":"<p>BERLIN &#8211; Le coureur alg\u00e9rien Oussama Cherrad a remport\u00e9 haut la main le 1000 m\u00e8tres du meeting international de Paulezhausen, disput\u00e9 dimanche en Allemagne. Le repr\u00e9sentant alg\u00e9rien a boucl\u00e9 la distance en 2.22:13, devant deux Allemands de la r\u00e9gion de Karlsruhe, respectivement Christoph Kesler (2.22:32) et Pascal Kleyer (2.23:05). \u00ab\u00a0Je ne peux qu&rsquo;\u00eatre satisfait de [&hellip;]<\/p>\n","protected":false},"author":1790,"featured_media":34062,"comment_status":"closed","ping_status":"closed","sticky":false,"template":"","format":"standard","meta":{"fifu_image_url":"","fifu_image_alt":"","footnotes":""},"categories":[53,75],"tags":[],"class_list":["post-34061","post","type-post","status-publish","format-standard","has-post-thumbnail","hentry","category-algerie","category-sport"],"_links":{"self":[{"href":"https:\/\/linitiative.ca\/International\/wp-json\/wp\/v2\/posts\/34061","targetHints":{"allow":["GET"]}}],"collection":[{"href":"https:\/\/linitiative.ca\/International\/wp-json\/wp\/v2\/posts"}],"about":[{"href":"https:\/\/linitiative.ca\/International\/wp-json\/wp\/v2\/types\/post"}],"author":[{"embeddable":true,"href":"https:\/\/linitiative.ca\/International\/wp-json\/wp\/v2\/users\/1790"}],"replies":[{"embeddable":true,"href":"https:\/\/linitiative.ca\/International\/wp-json\/wp\/v2\/comments?post=34061"}],"version-history":[{"count":0,"href":"https:\/\/linitiative.ca\/International\/wp-json\/wp\/v2\/posts\/34061\/revisions"}],"wp:featuredmedia":[{"embeddable":true,"href":"https:\/\/linitiative.ca\/International\/wp-json\/"}],"wp:attachment":[{"href":"https:\/\/linitiative.ca\/International\/wp-json\/wp\/v2\/media?parent=34061"}],"wp:term":[{"taxonomy":"category","embeddable":true,"href":"https:\/\/linitiative.ca\/International\/wp-json\/wp\/v2\/categories?post=34061"},{"taxonomy":"post_tag","embeddable":true,"href":"https:\/\/linitiative.ca\/International\/wp-json\/wp\/v2\/tags?post=34061"}],"curies":[{"name":"wp","href":"https:\/\/api.w.org\/{rel}","templated":true}]}}