{"id":34080,"date":"2019-05-13T05:00:34","date_gmt":"2019-05-13T09:00:34","guid":{"rendered":"https:\/\/linitiative.ca\/International\/securite-durant-le-ramadhan-plus-de-10-000-policiers-mobilises\/"},"modified":"2019-05-13T05:00:34","modified_gmt":"2019-05-13T09:00:34","slug":"securite-durant-le-ramadhan-plus-de-10-000-policiers-mobilises","status":"publish","type":"post","link":"https:\/\/linitiative.ca\/International\/securite-durant-le-ramadhan-plus-de-10-000-policiers-mobilises\/","title":{"rendered":"S\u00e9curit\u00e9 durant le Ramadhan : Plus de 10 000 policiers mobilis\u00e9s"},"content":{"rendered":"<h4 class=\"title-14\"\/>\n<p class=\"p4\"><span class=\"s4\"><strong>L<\/strong><\/span><span class=\"s3\">es services de s\u00fbret\u00e9 de la wilaya d\u2019Alger ont mobilis\u00e9 plus de 10 000 policiers pour assurer la s\u00e9curit\u00e9 des citoyens et de leurs biens durant le mois de Ramadhan et la r\u00e9gulation de la circulation routi\u00e8re, a indiqu\u00e9 un communiqu\u00e9 du m\u00eame corps de s\u00e9curit\u00e9.<\/span><\/p>\n<p class=\"p4\"><span class=\"s3\">Les forces de s\u00e9curit\u00e9 \u0153uvreront \u00e0 la couverture s\u00e9curitaire \u00e0 travers le d\u00e9ploiement au niveau des march\u00e9s, des mosqu\u00e9es, des lieux et places publiques, des lieux de loisirs et des gares routi\u00e8res et ferroviaires, en sus du m\u00e9tro et du tramway qui connaissent une forte affluence de citoyens durant ce mois sacr\u00e9, et ce, pour assurer la s\u00e9curit\u00e9 de ces points ainsi qu\u2019une pr\u00e9sence permanente des forces de police sur le terrain, pr\u00e9cise le communiqu\u00e9.<\/span><\/p>\n<p class=\"p4\"><span class=\"s3\">Outre la s\u00e9curit\u00e9 des jardins publics et des lieux de loisirs qui enregistrent une grande affluence des citoyens et des familles, notamment durant les veill\u00e9es du Ramadhan, les forces de s\u00e9curit\u00e9 s\u2019attelleront \u00e0 la s\u00e9curisation des diff\u00e9rentes manifestations sportives, culturelles et artistiques organis\u00e9es \u00e0 travers leurs territoires de comp\u00e9tence, \u00e0 travers l\u2019intensification des patrouilles p\u00e9destres et motoris\u00e9es, ajoute la m\u00eame source.<\/span><\/p>\n<div class=\"yuzo_related_post style-1\" data-version=\"5.12.88\">\n<p><h3>Related Post<\/h3>\n<\/p>\n<div class=\"yuzo_wraps\">\n<div class=\"relatedthumb relatedpost-250344 c12\"><a href=\"https:\/\/www.elwatan.com\/regions\/ouest\/tiaret\/tiaret-spectaculaire-carambolage-au-centre-ville-05-12-2018\"\/><\/p>\n<p><span class=\"yuzo__text--title c11\">Tiaret :\u00a0Spectaculaire\u00a0carambolage au centre-ville&#8230;<\/span><\/div>\n<div class=\"relatedthumb relatedpost-555878 c12\"><a href=\"https:\/\/www.elwatan.com\/regions\/est\/actu-est\/developper-cette-science-encore-meconnue-en-algerie-31-01-2019\"\/><\/p>\n<p><span class=\"yuzo__text--title c11\">D\u00e9velopper cette science encore m\u00e9connue en Alg\u00e9ri&#8230;<\/span><\/div>\n<div class=\"relatedthumb relatedpost-561668 c12\"><a href=\"https:\/\/www.elwatan.com\/edition\/actualite\/le-dossier-de-candidature-de-bouteflika-depose-on-promet-une-election-presidentielle-anticipee-et-une-nouvelle-republique-03-03-2019\"\/><\/p>\n<p><span class=\"yuzo__text--title c11\">Le dossier de candidature de Bouteflika d\u00e9pos\u00e9, on&#8230;<\/span><\/div>\n<div class=\"relatedthumb relatedpost-145050 c12\"><a href=\"https:\/\/www.elwatan.com\/pages-hebdo\/sante\/les-graisses-hydrogenees-une-menace-reelle-sur-la-sante-23-08-2018\"\/><\/p>\n<p><span class=\"yuzo__text--title c11\">Les graisses hydrog\u00e9n\u00e9es, une menace r\u00e9elle sur la&#8230;<\/span><\/div>\n<\/div>\n<\/div>\n<p><span class=\"post-views-label\">Post Views:<\/span> <span class=\"post-views-count\">14<\/span><\/p>\n<p>Auteur: Anis Khecheba<br \/>\n<a href=\"https:\/\/www.elwatan.com\/regions\/centre\/alger\/plus-de-10-000-policiers-mobilises-13-05-2019\">Cliquez ici pour lire l&rsquo;article depuis sa source.<\/a><\/p>\n","protected":false},"excerpt":{"rendered":"<p>Les services de s\u00fbret\u00e9 de la wilaya d\u2019Alger ont mobilis\u00e9 plus de 10 000 policiers pour assurer la s\u00e9curit\u00e9 des citoyens et de leurs biens durant le mois de Ramadhan et la r\u00e9gulation de la circulation routi\u00e8re, a indiqu\u00e9 un communiqu\u00e9 du m\u00eame corps de s\u00e9curit\u00e9. Les forces de s\u00e9curit\u00e9 \u0153uvreront \u00e0 la couverture s\u00e9curitaire [&hellip;]<\/p>\n","protected":false},"author":1743,"featured_media":0,"comment_status":"closed","ping_status":"closed","sticky":false,"template":"","format":"standard","meta":{"fifu_image_url":"","fifu_image_alt":"","footnotes":""},"categories":[73,53],"tags":[],"class_list":["post-34080","post","type-post","status-publish","format-standard","hentry","category-actualite","category-algerie"],"_links":{"self":[{"href":"https:\/\/linitiative.ca\/International\/wp-json\/wp\/v2\/posts\/34080","targetHints":{"allow":["GET"]}}],"collection":[{"href":"https:\/\/linitiative.ca\/International\/wp-json\/wp\/v2\/posts"}],"about":[{"href":"https:\/\/linitiative.ca\/International\/wp-json\/wp\/v2\/types\/post"}],"author":[{"embeddable":true,"href":"https:\/\/linitiative.ca\/International\/wp-json\/wp\/v2\/users\/1743"}],"replies":[{"embeddable":true,"href":"https:\/\/linitiative.ca\/International\/wp-json\/wp\/v2\/comments?post=34080"}],"version-history":[{"count":0,"href":"https:\/\/linitiative.ca\/International\/wp-json\/wp\/v2\/posts\/34080\/revisions"}],"wp:attachment":[{"href":"https:\/\/linitiative.ca\/International\/wp-json\/wp\/v2\/media?parent=34080"}],"wp:term":[{"taxonomy":"category","embeddable":true,"href":"https:\/\/linitiative.ca\/International\/wp-json\/wp\/v2\/categories?post=34080"},{"taxonomy":"post_tag","embeddable":true,"href":"https:\/\/linitiative.ca\/International\/wp-json\/wp\/v2\/tags?post=34080"}],"curies":[{"name":"wp","href":"https:\/\/api.w.org\/{rel}","templated":true}]}}