{"id":34081,"date":"2019-05-13T05:00:36","date_gmt":"2019-05-13T09:00:36","guid":{"rendered":"https:\/\/linitiative.ca\/International\/lutte-contre-la-criminalite-saisie-de-pres-de-400-g-de-cocaine\/"},"modified":"2019-05-13T05:00:36","modified_gmt":"2019-05-13T09:00:36","slug":"lutte-contre-la-criminalite-saisie-de-pres-de-400-g-de-cocaine","status":"publish","type":"post","link":"https:\/\/linitiative.ca\/International\/lutte-contre-la-criminalite-saisie-de-pres-de-400-g-de-cocaine\/","title":{"rendered":"Lutte contre la criminalit\u00e9 :\u00a0Saisie de pr\u00e8s de 400 g de coca\u00efne"},"content":{"rendered":"<h4 class=\"title-14\"\/>\n<p class=\"p4\"><span class=\"s3\"><strong>L<\/strong><\/span>es services de la s\u00fbret\u00e9 de la wilaya d\u2019Alger ont saisi r\u00e9cemment pr\u00e8s de 400 g de coca\u00efne, une somme d\u2019argent d\u00e9passant les 700 millions de centimes et d\u2019autres montants importants en devises, suite \u00e0 l\u2019arrestation d\u2019une bande de trafiquants de drogue, a indiqu\u00e9 un communiqu\u00e9 de ce corps s\u00e9curitaire.<\/p>\n<p class=\"p4\">Les services de la circonscription centre de la police judiciaire ont arr\u00eat\u00e9 au niveau de plusieurs quartiers d\u2019Alger, trois suspects, \u00e2g\u00e9s entre 30 et 44 ans, impliqu\u00e9s dans le trafic de drogues dures en bande criminelle organis\u00e9e et infraction \u00e0 la l\u00e9gislation et \u00e0 la r\u00e9glementation des changes et des mouvements de capitaux, pr\u00e9cise la m\u00eame source.<\/p>\n<p class=\"p4\">Cette op\u00e9ration a permis la saisie de 395 grammes de coca\u00efne, 6,5 grammes de cannabis, une balance \u00e9lectronique, cinq t\u00e9l\u00e9phones portables, deux v\u00e9hicules touristiques et pr\u00e8s de 700 millions de centimes, ajoute le communiqu\u00e9 de la s\u00fbret\u00e9 d\u2019Alger.<\/p>\n<p class=\"p4\">Pour ce qui est des montants saisis en devises fortes, la m\u00eame source fait \u00e9tat de 54 625 euro, 23 172 dollars US, 9170 livres sterling, 3910 dollars canadien, 1000 livres libanaises, 165 dinars tunisien, 20 francs suisses. Apr\u00e8s parach\u00e8vement des proc\u00e9dures l\u00e9gales, les mis en cause ont \u00e9t\u00e9 pr\u00e9sent\u00e9s devant le procureur de la R\u00e9publique, territorialement comp\u00e9tent, lequel a ordonn\u00e9 leur placement en d\u00e9tention pr\u00e9ventive, conclut le communiqu\u00e9.<\/p>\n<div class=\"yuzo_related_post style-1\" data-version=\"5.12.88\">\n<p><h3>Related Post<\/h3>\n<\/p>\n<div class=\"yuzo_wraps\">\n<div class=\"relatedthumb relatedpost-556912 c11\"><a href=\"https:\/\/www.elwatan.com\/edition\/culture\/oran-le-site-prehistorique-abri-alain-est-irrecuperable-06-02-2019\"\/><\/p>\n<p><span class=\"yuzo__text--title c10\">Oran :\u00a0Le site pr\u00e9historique Abri Alain est irr\u00e9cu&#8230;<\/span><\/div>\n<div class=\"relatedthumb relatedpost-556795 c11\"><a href=\"https:\/\/www.elwatan.com\/edition\/actualite\/presidentielle-2019-ce-que-cache-le-5e-mandat-05-02-2019\"\/><\/p>\n<p><span class=\"yuzo__text--title c10\">Pr\u00e9sidentielle 2019\u00a0: Ce que cache le 5e mandat<\/span><\/div>\n<div class=\"relatedthumb relatedpost-467657 c11\"><a href=\"https:\/\/www.elwatan.com\/regions\/sud\/actu-sud\/temacine-interpellation-de-trois-personnes-en-possession-de-faux-billets-2-29-09-2014\"\/><\/p>\n<p><span class=\"yuzo__text--title c10\">Temacine : Interpellation de trois personnes en po&#8230;<\/span><\/div>\n<div class=\"relatedthumb relatedpost-352986 c11\"><a href=\"https:\/\/www.elwatan.com\/edition\/actualite\/proces-houleux-de-adlene-mellah-et-ses-deux-coprevenus-une-peine-de-3-ans-de-prison-requise-par-le-parquet-19-12-2018\"\/><\/p>\n<p><span class=\"yuzo__text--title c10\">Proc\u00e8s houleux de Adl\u00e8ne Mellah et ses deux copr\u00e9v&#8230;<\/span><\/div>\n<\/div>\n<\/div>\n<p><span class=\"post-views-label\">Post Views:<\/span> <span class=\"post-views-count\">80<\/span><\/p>\n<p>Auteur: Anis Khecheba<br \/>\n<a href=\"https:\/\/www.elwatan.com\/regions\/centre\/alger\/lutte-contre-la-criminalite-saisie-de-pres-de-400-g-de-cocaine-13-05-2019\">Cliquez ici pour lire l&rsquo;article depuis sa source.<\/a><\/p>\n","protected":false},"excerpt":{"rendered":"<p>Les services de la s\u00fbret\u00e9 de la wilaya d\u2019Alger ont saisi r\u00e9cemment pr\u00e8s de 400 g de coca\u00efne, une somme d\u2019argent d\u00e9passant les 700 millions de centimes et d\u2019autres montants importants en devises, suite \u00e0 l\u2019arrestation d\u2019une bande de trafiquants de drogue, a indiqu\u00e9 un communiqu\u00e9 de ce corps s\u00e9curitaire. Les services de la circonscription [&hellip;]<\/p>\n","protected":false},"author":1743,"featured_media":0,"comment_status":"closed","ping_status":"closed","sticky":false,"template":"","format":"standard","meta":{"fifu_image_url":"","fifu_image_alt":"","footnotes":""},"categories":[73,53],"tags":[],"class_list":["post-34081","post","type-post","status-publish","format-standard","hentry","category-actualite","category-algerie"],"_links":{"self":[{"href":"https:\/\/linitiative.ca\/International\/wp-json\/wp\/v2\/posts\/34081","targetHints":{"allow":["GET"]}}],"collection":[{"href":"https:\/\/linitiative.ca\/International\/wp-json\/wp\/v2\/posts"}],"about":[{"href":"https:\/\/linitiative.ca\/International\/wp-json\/wp\/v2\/types\/post"}],"author":[{"embeddable":true,"href":"https:\/\/linitiative.ca\/International\/wp-json\/wp\/v2\/users\/1743"}],"replies":[{"embeddable":true,"href":"https:\/\/linitiative.ca\/International\/wp-json\/wp\/v2\/comments?post=34081"}],"version-history":[{"count":0,"href":"https:\/\/linitiative.ca\/International\/wp-json\/wp\/v2\/posts\/34081\/revisions"}],"wp:attachment":[{"href":"https:\/\/linitiative.ca\/International\/wp-json\/wp\/v2\/media?parent=34081"}],"wp:term":[{"taxonomy":"category","embeddable":true,"href":"https:\/\/linitiative.ca\/International\/wp-json\/wp\/v2\/categories?post=34081"},{"taxonomy":"post_tag","embeddable":true,"href":"https:\/\/linitiative.ca\/International\/wp-json\/wp\/v2\/tags?post=34081"}],"curies":[{"name":"wp","href":"https:\/\/api.w.org\/{rel}","templated":true}]}}