{"id":34082,"date":"2019-05-13T05:00:39","date_gmt":"2019-05-13T09:00:39","guid":{"rendered":"https:\/\/linitiative.ca\/International\/skor-de-cevital-operation-besmahloua-au-profit-des-enfants-autistes\/"},"modified":"2019-05-13T05:00:39","modified_gmt":"2019-05-13T09:00:39","slug":"skor-de-cevital-operation-besmahloua-au-profit-des-enfants-autistes","status":"publish","type":"post","link":"https:\/\/linitiative.ca\/International\/skor-de-cevital-operation-besmahloua-au-profit-des-enfants-autistes\/","title":{"rendered":"Skor De cevital : Op\u00e9ration \u00abBesmaHloua\u00bb au profit des enfants autistes"},"content":{"rendered":"<h4 class=\"title-14\"\/>\n<p class=\"p3\"><span class=\"s3\"><strong>S<\/strong><\/span><span class=\"s4\">kor de Cevital lance l\u2019op\u00e9ration \u00abBesmaHloua\u00bb durant le mois de Ramadhan, o\u00f9 pour chaque paquet de Skor vendu une somme d\u2019argent sera revers\u00e9e au profit des associations d\u2019autistes en Alg\u00e9rie ; sp\u00e9cialement l\u2019Association des enfants autistes de Sidi Bel Abbes, Skor de Cevital, lance une op\u00e9ration caritative durant le mois de Ramadhan au profit de l\u2019association des enfants autistes de Sidi Bel Abb\u00e8s dans le cadre de la r\u00e9alisation d\u2019un centre sp\u00e9cialis\u00e9 dans la prise en charge de l\u2019autisme, l\u2019entreprise pr\u00e9l\u00e8vera \u00e0 cet effet une partie du prix de vente pour le reverser \u00e0 ce centre qui a pour mission le diagnostic pr\u00e9coce et la prise en charge des enfants et adolescents autistes, souffrant de troubles psychiques et mentaux.<\/span><\/p>\n<p class=\"p3\"><span class=\"s4\">La formation des professionnels de sant\u00e9 sera au centre de ce projet au m\u00eame titre que l\u2019accompagnement des parents. Prendre en charge l\u2019autisme d\u00e8s le plus jeune \u00e2ge permet de r\u00e9duire jusqu\u2019\u00e0 80% des sympt\u00f4mes et agir ainsi sensiblement sur la vie quotidienne des enfants et de leur famille. L\u2019autisme est un trouble du d\u00e9veloppement humain caract\u00e9ris\u00e9 par des difficult\u00e9s de l\u2019apprentissage social et de la communication. Les sympt\u00f4mes sont souvent d\u00e9tect\u00e9s par les parents durant les premi\u00e8res ann\u00e9es de vie de l\u2019enfant.<\/span><\/p>\n<p class=\"p3\"><span class=\"s4\">Cette pathologie reste peu connue en Alg\u00e9rie, bien que l\u2019on estime \u00e0 500 000 le nombre de personnes atteintes d\u2019autisme. L\u2019investissement de Skor dans cette cause n\u2019est pas anodin. Il est port\u00e9 par la volont\u00e9 de la marque de partager des moments de bonheur avec tous les enfants alg\u00e9riens sans aucune discrimination.<\/span><\/p>\n<p class=\"p3\"><span class=\"s4\">Il s\u2019inscrit en droite ligne dans le cadre de la politique de responsabilit\u00e9 sociale du Groupe Cevital qui se veut \u00eatre un acteur de d\u00e9veloppement durable en Alg\u00e9rie. La marque Skor a \u00e9t\u00e9 lanc\u00e9e en 2010 par le groupe Cevital afin de r\u00e9pondre aux besoins du march\u00e9 et aux usages du consommateur alg\u00e9rien avec diff\u00e9rentes r\u00e9f\u00e9rences : sucre cristallis\u00e9 extra blanc, sucre en morceaux, sucre roux\u2026 Gr\u00e2ce \u00e0 la qualit\u00e9 sup\u00e9rieure de ses produits ainsi qu\u2019\u00e0 son investissement permanent dans l\u2019innovation, Skor est depuis son lancement le leader du march\u00e9 du sucre en Alg\u00e9rie.<\/span><\/p>\n<div class=\"yuzo_related_post style-1\" data-version=\"5.12.88\">\n<p><h3>Related Post<\/h3>\n<\/p>\n<div class=\"yuzo_wraps\">\n<div class=\"relatedthumb relatedpost-557714 c11\"><a href=\"https:\/\/www.elwatan.com\/regions\/ouest\/oran\/en-bref-1410-12-02-2019\"\/><\/p>\n<p><span class=\"yuzo__text--title c10\">En bref\u2026<\/span><\/div>\n<div class=\"relatedthumb relatedpost-273247 c11\"><a href=\"https:\/\/www.elwatan.com\/edition\/sports\/handball-defaite-des-algeriennes-face-au-senegal-07-12-2018\"\/><\/p>\n<p><span class=\"yuzo__text--title c10\">Handball\u00a0: D\u00e9faite des Alg\u00e9riennes face au S\u00e9n\u00e9gal&#8230;<\/span><\/div>\n<div class=\"relatedthumb relatedpost-153399 c11\"><a href=\"https:\/\/www.elwatan.com\/regions\/kabylie\/tizi-ouzou\/ain-el-hammam-inondations-recurrentes-03-10-2018\"\/><\/p>\n<p><span class=\"yuzo__text--title c10\">A\u00efn El Hammam : Inondations r\u00e9currentes<\/span><\/div>\n<div class=\"relatedthumb relatedpost-565559 c11\"><a href=\"https:\/\/www.elwatan.com\/edition\/culture\/anys-mezzaour-ecrivain-jai-ete-le-premier-a-introduire-le-drame-romantique-social-dans-la-litterature-algerienne-24-03-2019\"\/><\/p>\n<p><span class=\"yuzo__text--title c10\">Anys Mezzaour. Ecrivain : \u00abLes souvenirs et la no&#8230;<\/span><\/div>\n<\/div>\n<\/div>\n<p><span class=\"post-views-label\">Post Views:<\/span> <span class=\"post-views-count\">1\u00a0347<\/span><\/p>\n<p>Auteur: Anis Khecheba<br \/>\n<a href=\"https:\/\/www.elwatan.com\/edition\/actualite\/skor-de-cevital-operation-besmahloua-au-profit-des-enfants-autistes-13-05-2019\">Cliquez ici pour lire l&rsquo;article depuis sa source.<\/a><\/p>\n","protected":false},"excerpt":{"rendered":"<p>Skor de Cevital lance l\u2019op\u00e9ration \u00abBesmaHloua\u00bb durant le mois de Ramadhan, o\u00f9 pour chaque paquet de Skor vendu une somme d\u2019argent sera revers\u00e9e au profit des associations d\u2019autistes en Alg\u00e9rie ; sp\u00e9cialement l\u2019Association des enfants autistes de Sidi Bel Abbes, Skor de Cevital, lance une op\u00e9ration caritative durant le mois de Ramadhan au profit de [&hellip;]<\/p>\n","protected":false},"author":1743,"featured_media":0,"comment_status":"closed","ping_status":"closed","sticky":false,"template":"","format":"standard","meta":{"fifu_image_url":"","fifu_image_alt":"","footnotes":""},"categories":[73,53],"tags":[],"class_list":["post-34082","post","type-post","status-publish","format-standard","hentry","category-actualite","category-algerie"],"_links":{"self":[{"href":"https:\/\/linitiative.ca\/International\/wp-json\/wp\/v2\/posts\/34082","targetHints":{"allow":["GET"]}}],"collection":[{"href":"https:\/\/linitiative.ca\/International\/wp-json\/wp\/v2\/posts"}],"about":[{"href":"https:\/\/linitiative.ca\/International\/wp-json\/wp\/v2\/types\/post"}],"author":[{"embeddable":true,"href":"https:\/\/linitiative.ca\/International\/wp-json\/wp\/v2\/users\/1743"}],"replies":[{"embeddable":true,"href":"https:\/\/linitiative.ca\/International\/wp-json\/wp\/v2\/comments?post=34082"}],"version-history":[{"count":0,"href":"https:\/\/linitiative.ca\/International\/wp-json\/wp\/v2\/posts\/34082\/revisions"}],"wp:attachment":[{"href":"https:\/\/linitiative.ca\/International\/wp-json\/wp\/v2\/media?parent=34082"}],"wp:term":[{"taxonomy":"category","embeddable":true,"href":"https:\/\/linitiative.ca\/International\/wp-json\/wp\/v2\/categories?post=34082"},{"taxonomy":"post_tag","embeddable":true,"href":"https:\/\/linitiative.ca\/International\/wp-json\/wp\/v2\/tags?post=34082"}],"curies":[{"name":"wp","href":"https:\/\/api.w.org\/{rel}","templated":true}]}}