{"id":34083,"date":"2019-05-13T05:00:41","date_gmt":"2019-05-13T09:00:41","guid":{"rendered":"https:\/\/linitiative.ca\/International\/adrar-flambee-des-prix-des-produits-alimentaires\/"},"modified":"2019-05-13T05:00:41","modified_gmt":"2019-05-13T09:00:41","slug":"adrar-flambee-des-prix-des-produits-alimentaires","status":"publish","type":"post","link":"https:\/\/linitiative.ca\/International\/adrar-flambee-des-prix-des-produits-alimentaires\/","title":{"rendered":"Adrar :\u00a0Flamb\u00e9e des prix des produits alimentaires"},"content":{"rendered":"<h4 class=\"title-14\"\/>\n<div class=\"featured_image\"><img width=\"800\" height=\"533\" data-cfsrc=\"https:\/\/www.elwatan.com\/wp-content\/uploads\/2019\/05\/fruits-et-le\u0301gumes.jpg\" class=\"attachment-post-thumbnail size-post-thumbnail wp-post-image c1\" alt=\"\" srcset=\"https:\/\/www.elwatan.com\/wp-content\/uploads\/2019\/05\/fruits-et-le\u0301gumes.jpg 800w, https:\/\/www.elwatan.com\/wp-content\/uploads\/2019\/05\/fruits-et-le\u0301gumes-300x200.jpg 300w, https:\/\/www.elwatan.com\/wp-content\/uploads\/2019\/05\/fruits-et-le\u0301gumes-768x512.jpg 768w\" sizes=\"(max-width: 800px) 100vw, 800px\"\/><noscript><\/p>\n<p><img loading=\"lazy\" decoding=\"async\" width=\"800\" height=\"533\" src=\"https:\/\/www.elwatan.com\/wp-content\/uploads\/2019\/05\/fruits-et-le%CC%81gumes.jpg\" class=\"attachment-post-thumbnail size-post-thumbnail wp-post-image\" alt=\"\" srcset=\"https:\/\/www.elwatan.com\/wp-content\/uploads\/2019\/05\/fruits-et-le\u0301gumes.jpg 800w, https:\/\/www.elwatan.com\/wp-content\/uploads\/2019\/05\/fruits-et-le\u0301gumes-300x200.jpg 300w, https:\/\/www.elwatan.com\/wp-content\/uploads\/2019\/05\/fruits-et-le\u0301gumes-768x512.jpg 768w\" sizes=\"auto, (max-width: 800px) 100vw, 800px\"\/><\/p>\n<p><\/noscript><\/div>\n<p class=\"p4\"><span class=\"s3\"><strong>L<\/strong><\/span><span class=\"s4\">a mercuriale a affich\u00e9 un pic ces derniers jours, \u00e0 la grande surprise des p\u00e8res de famille et des m\u00e9nag\u00e8res, qui ne comprennent pas les raisons de cette hausse subite des prix des fruits et l\u00e9gumes. En effet, traditionnellement en cette p\u00e9riode, les prix des l\u00e9gumes de saison, tels que les petits pois, artichauts, f\u00e8ves et haricots verts sont au plus bas.<\/span><\/p>\n<p class=\"p4\"><span class=\"s4\">Cependant, cette ann\u00e9e la r\u00e8gle semble faire exception, o\u00f9 ces derniers sont propos\u00e9s respectivement \u00e0 140, 130, 80 et 200 DA. Les autres produits mara\u00eechers eux aussi ont connu une importante perturbation, comme la tomate, qui est c\u00e9d\u00e9e \u00e0 120 DA, la pomme de terre \u00e0 90 DA, l\u2019aubergine \u00e0 140 DA, le poivron \u00e0 170 DA, le chou \u00e0 90 DA, l\u2019oignon \u00e0 80 DA, la laitue \u00e0 100 DA, le chou-fleur \u00e0 120 DA, le fenouil \u00e0 120 DA, la betterave \u00e0 120 DA et le concombre \u00e0 80 DA.<\/span><\/p>\n<p class=\"p4\"><span class=\"s4\">En ce qui concerne les fruits, les prix sont d\u00e9courageants. <em>\u00abSi la disponibilit\u00e9 du produit n\u2019est pas \u00e0 discuter, toutefois son prix rel\u00e8ve de l\u2019imaginaire\u00bb<\/em>, nous disent des chefs de famille rencontr\u00e9s au souk de Bouda. Le melon, largement cultiv\u00e9 dans la r\u00e9gion est c\u00e9d\u00e9 \u00e0 pas moins de 200 DA le kg. Les oranges qui, aujourd\u2019hui, sont hors saison et un peu ass\u00e9ch\u00e9es sont tarifi\u00e9es entre 150 et 200 DA, la banane \u00e0 350 DA, la pomme entre 400 et 500 DA, les fraises \u00e0 400 DA.<\/span><\/p>\n<p class=\"p4\"><span class=\"s4\">Quelques fruits exotiques en provenance du Niger, comme la mangue \u00e0 400 DA le kg et la noix \u00e0 350 DA l\u2019unit\u00e9. Pour leur part, les commer\u00e7ants attribuent cette situation \u00e0 la perturbation du march\u00e9 de gros au nord du pays (la plupart des l\u00e9gumes viennent des wilayas du nord). Selon eux, les manifestations populaires ont quelque peu influ\u00e9 sur la main-d\u2019\u0153uvre de la r\u00e9colte des l\u00e9gumes et des fruits. En attendant la stabilisation du march\u00e9, les bourses des citoyens continuent \u00e0 accuser d\u2019importantes saign\u00e9es et leurs inqui\u00e9tudes augmentent face aux sp\u00e9culateurs sans scrupules.<\/span><\/p>\n<div class=\"yuzo_related_post style-1\" data-version=\"5.12.88\">\n<p><h3>Related Post<\/h3>\n<\/p>\n<div class=\"yuzo_wraps\">\n<div class=\"relatedthumb relatedpost-558864 c12\"><a href=\"https:\/\/www.elwatan.com\/edition\/sports\/mo-bejaia-alain-michel-rappele-par-la-direction-18-02-2019\"\/><\/p>\n<p><span class=\"yuzo__text--title c11\">MO B\u00e9ja\u00efa :\u00a0Alain Michel rappel\u00e9 par la direction&#8230;<\/span><\/div>\n<div class=\"relatedthumb relatedpost-330004 c12\"><a href=\"https:\/\/www.elwatan.com\/regions\/kabylie\/bouira\/boukram-des-foyers-sans-electricite-13-12-2018\"\/><\/p>\n<p><span class=\"yuzo__text--title c11\">Boukram : Des foyers sans \u00e9lectricit\u00e9<\/span><\/div>\n<div class=\"relatedthumb relatedpost-329988 c12\"><a href=\"https:\/\/www.elwatan.com\/edition\/culture\/exposition-daffiches-sur-le-cinema-algerien-13-12-2018\"\/><\/p>\n<p><span class=\"yuzo__text--title c11\">Exposition d\u2019affiches sur le cin\u00e9ma alg\u00e9rien<\/span><\/div>\n<\/div>\n<\/div>\n<p><span class=\"post-views-label\">Post Views:<\/span> <span class=\"post-views-count\">91<\/span><\/p>\n<p>Auteur: Anis Khecheba<br \/>\n<a href=\"https:\/\/www.elwatan.com\/regions\/ouest\/actu-ouest\/adrar-flambee-des-prix-des-produits-alimentaires-2-13-05-2019\">Cliquez ici pour lire l&rsquo;article depuis sa source.<\/a><\/p>\n","protected":false},"excerpt":{"rendered":"<p>La mercuriale a affich\u00e9 un pic ces derniers jours, \u00e0 la grande surprise des p\u00e8res de famille et des m\u00e9nag\u00e8res, qui ne comprennent pas les raisons de cette hausse subite des prix des fruits et l\u00e9gumes. En effet, traditionnellement en cette p\u00e9riode, les prix des l\u00e9gumes de saison, tels que les petits pois, artichauts, f\u00e8ves [&hellip;]<\/p>\n","protected":false},"author":1743,"featured_media":34084,"comment_status":"closed","ping_status":"closed","sticky":false,"template":"","format":"standard","meta":{"fifu_image_url":"","fifu_image_alt":"","footnotes":""},"categories":[73,53],"tags":[],"class_list":["post-34083","post","type-post","status-publish","format-standard","has-post-thumbnail","hentry","category-actualite","category-algerie"],"_links":{"self":[{"href":"https:\/\/linitiative.ca\/International\/wp-json\/wp\/v2\/posts\/34083","targetHints":{"allow":["GET"]}}],"collection":[{"href":"https:\/\/linitiative.ca\/International\/wp-json\/wp\/v2\/posts"}],"about":[{"href":"https:\/\/linitiative.ca\/International\/wp-json\/wp\/v2\/types\/post"}],"author":[{"embeddable":true,"href":"https:\/\/linitiative.ca\/International\/wp-json\/wp\/v2\/users\/1743"}],"replies":[{"embeddable":true,"href":"https:\/\/linitiative.ca\/International\/wp-json\/wp\/v2\/comments?post=34083"}],"version-history":[{"count":0,"href":"https:\/\/linitiative.ca\/International\/wp-json\/wp\/v2\/posts\/34083\/revisions"}],"wp:featuredmedia":[{"embeddable":true,"href":"https:\/\/linitiative.ca\/International\/wp-json\/"}],"wp:attachment":[{"href":"https:\/\/linitiative.ca\/International\/wp-json\/wp\/v2\/media?parent=34083"}],"wp:term":[{"taxonomy":"category","embeddable":true,"href":"https:\/\/linitiative.ca\/International\/wp-json\/wp\/v2\/categories?post=34083"},{"taxonomy":"post_tag","embeddable":true,"href":"https:\/\/linitiative.ca\/International\/wp-json\/wp\/v2\/tags?post=34083"}],"curies":[{"name":"wp","href":"https:\/\/api.w.org\/{rel}","templated":true}]}}