{"id":34085,"date":"2019-05-13T05:00:42","date_gmt":"2019-05-13T09:00:42","guid":{"rendered":"https:\/\/linitiative.ca\/International\/cite-sabliere-des-bandes-rivales-terrorisent-la-population\/"},"modified":"2019-05-13T05:00:42","modified_gmt":"2019-05-13T09:00:42","slug":"cite-sabliere-des-bandes-rivales-terrorisent-la-population","status":"publish","type":"post","link":"https:\/\/linitiative.ca\/International\/cite-sabliere-des-bandes-rivales-terrorisent-la-population\/","title":{"rendered":"Cit\u00e9 Sabli\u00e8re :\u00a0Des bandes rivales terrorisent la population"},"content":{"rendered":"<h4 class=\"title-14\"\/>\n<p class=\"p3\"><span class=\"s3\"><strong>L<\/strong><\/span><span class=\"s4\">a cit\u00e9 Sabli\u00e8re, \u00e0 l\u2019est de Boumerd\u00e8s, est devenue une zone de non- droit. Cette importante agglom\u00e9ration, qui englobe plusieurs cit\u00e9s, a \u00e9t\u00e9 ces derniers jours le th\u00e9\u00e2tre de plusieurs batailles rang\u00e9es entre bandes rivales. Il y a une semaine, les habitants ont v\u00e9cu une nuit tr\u00e8s mouvement\u00e9 suite \u00e0 une bagarre g\u00e9n\u00e9rale entre de jeunes voyous.<\/span><\/p>\n<p class=\"p3\"><span class=\"s4\">Issus de deux cit\u00e9s diff\u00e9rentes, les bellig\u00e9rants se sont affront\u00e9s durant plus de trois heures \u00e0 coups de b\u00e2tons, de sabres et de p\u00e9tards, pr\u00e9cisent des t\u00e9moins. \u00ab<em>Ici il n\u2019y a pas d\u2019Etat. La drogue se vend au su et au vu de tous, mais aucune autorit\u00e9 de r\u00e9agit. Nous n\u2019avons ni brigade de gendarmerie ni une unit\u00e9 de la police urbaine. Comment voulez-vous qu\u2019il y ait de la s\u00e9curit\u00e9 et de la qui\u00e9tude<\/em>\u00bb, s\u2019\u00e9crie un quinquag\u00e9naire. Selon lui, le conflit a commenc\u00e9 quelques jours auparavant, suite \u00e0 une simple rixe entre un jeune de la cit\u00e9 des 800 Logements et un autre de la cit\u00e9 des 500 Logements.<\/span><\/p>\n<p class=\"p3\"><span class=\"s4\">Deux quartiers d\u00e9pourvus des moindres commodit\u00e9s et s\u00e9par\u00e9s par la RN24. \u00ab<em>Les \u00e9changes de jets de pierres de part et d\u2019autre ont incit\u00e9 tous les automobilistes de passage \u00e0 rebrousser chemin. Les gendarmes viennent toujours en retard. Avant-hier, ils ont eu du mal \u00e0 s\u2019interposer<\/em>\u00bb, t\u00e9moigne un autre habitant qui se plaint de l\u2019absence d\u2019infrastructures de jeunesse et d\u2019aires de jeux pour enfants. La localit\u00e9 a connu un boom d\u00e9mographique sans pr\u00e9c\u00e9dent ces derni\u00e8res ann\u00e9es, avec la r\u00e9alisation de plus de 2000 logements dans un rayon d\u2019un kilom\u00e8tre carr\u00e9. Mais cette extension du tissu urbain n\u2019a pas \u00e9t\u00e9 accompagn\u00e9e par la r\u00e9alisation d\u2019\u00e9quipements publics.<\/span><\/p>\n<p class=\"p3\"><span class=\"s4\">\u00ab<em>On n\u2019a ni stade, ni espace vert, ni maison de jeunes ou salle de sport ici. Nos enfants n\u2019ont plus o\u00f9 aller, c\u2019est pour cela qu\u2019ils versent dans la vente de drogue et la d\u00e9linquance<\/em>\u00bb, explique un \u00e9picier, pr\u00e9cisant que la plupart des locaux des rez-de-chauss\u00e9e des b\u00e2timents sont livr\u00e9s \u00e0 l\u2019abandon alors que certains peuvent abriter une unit\u00e9 de la police ou les transformer en infrastructures publiques. A noter enfin que la petite criminalit\u00e9 conna\u00eet une hausse d\u2019ann\u00e9e en ann\u00e9e \u00e0 travers les localit\u00e9s de la wilaya. En 2018, la police a trait\u00e9 3250 affaires, soit 30% de plus par rapport \u00e0 2017, dont 314 concernent des d\u00e9lits de consommation et de vente de drogue et 1364 autres sont li\u00e9es aux d\u00e9lits commis contre autrui.\u00a0<\/span><\/p>\n<div class=\"yuzo_related_post style-1\" data-version=\"5.12.88\">\n<p><h3>Related Post<\/h3>\n<\/p>\n<div class=\"yuzo_wraps\">\n<div class=\"relatedthumb relatedpost-330080 c11\"><a href=\"https:\/\/www.elwatan.com\/edition\/sports\/en-bref-359-14-12-2018\"\/><\/p>\n<p><span class=\"yuzo__text--title c10\">En bref\u2026<\/span><\/div>\n<div class=\"relatedthumb relatedpost-155611 c11\"><a href=\"https:\/\/www.elwatan.com\/pages-hebdo\/multimedia\/des-smartphones-dotes-de-lintelligence-artificielle-15-10-2018\"\/><\/p>\n<p><span class=\"yuzo__text--title c10\">Des smartphones dot\u00e9s de l\u2019intelligence artificiel&#8230;<\/span><\/div>\n<div class=\"relatedthumb relatedpost-556049 c11\"><a href=\"https:\/\/www.elwatan.com\/edition\/actualite\/la-communication-le-coq-et-lautruche-01-02-2019\"\/><\/p>\n<p><span class=\"yuzo__text--title c10\">La communication, le coq et l\u2019autruche<\/span><\/div>\n<div class=\"relatedthumb relatedpost-373660 c11\"><a href=\"https:\/\/www.elwatan.com\/edition\/contributions\/election-presidentielle-propositions-22-12-2018\"\/><\/p>\n<p><span class=\"yuzo__text--title c10\">Election pr\u00e9sidentielle : Propositions<\/span><\/div>\n<\/div>\n<\/div>\n<p><span class=\"post-views-label\">Post Views:<\/span> <span class=\"post-views-count\">1\u00a0094<\/span><\/p>\n<p>Auteur: Anis Khecheba<br \/>\n<a href=\"https:\/\/www.elwatan.com\/regions\/kabylie\/boumerdes\/cite-sabliere-des-bandes-rivales-terrorisent-la-population-13-05-2019\">Cliquez ici pour lire l&rsquo;article depuis sa source.<\/a><\/p>\n","protected":false},"excerpt":{"rendered":"<p>La cit\u00e9 Sabli\u00e8re, \u00e0 l\u2019est de Boumerd\u00e8s, est devenue une zone de non- droit. Cette importante agglom\u00e9ration, qui englobe plusieurs cit\u00e9s, a \u00e9t\u00e9 ces derniers jours le th\u00e9\u00e2tre de plusieurs batailles rang\u00e9es entre bandes rivales. Il y a une semaine, les habitants ont v\u00e9cu une nuit tr\u00e8s mouvement\u00e9 suite \u00e0 une bagarre g\u00e9n\u00e9rale entre de [&hellip;]<\/p>\n","protected":false},"author":1743,"featured_media":0,"comment_status":"closed","ping_status":"closed","sticky":false,"template":"","format":"standard","meta":{"fifu_image_url":"","fifu_image_alt":"","footnotes":""},"categories":[73,53],"tags":[],"class_list":["post-34085","post","type-post","status-publish","format-standard","hentry","category-actualite","category-algerie"],"_links":{"self":[{"href":"https:\/\/linitiative.ca\/International\/wp-json\/wp\/v2\/posts\/34085","targetHints":{"allow":["GET"]}}],"collection":[{"href":"https:\/\/linitiative.ca\/International\/wp-json\/wp\/v2\/posts"}],"about":[{"href":"https:\/\/linitiative.ca\/International\/wp-json\/wp\/v2\/types\/post"}],"author":[{"embeddable":true,"href":"https:\/\/linitiative.ca\/International\/wp-json\/wp\/v2\/users\/1743"}],"replies":[{"embeddable":true,"href":"https:\/\/linitiative.ca\/International\/wp-json\/wp\/v2\/comments?post=34085"}],"version-history":[{"count":0,"href":"https:\/\/linitiative.ca\/International\/wp-json\/wp\/v2\/posts\/34085\/revisions"}],"wp:attachment":[{"href":"https:\/\/linitiative.ca\/International\/wp-json\/wp\/v2\/media?parent=34085"}],"wp:term":[{"taxonomy":"category","embeddable":true,"href":"https:\/\/linitiative.ca\/International\/wp-json\/wp\/v2\/categories?post=34085"},{"taxonomy":"post_tag","embeddable":true,"href":"https:\/\/linitiative.ca\/International\/wp-json\/wp\/v2\/tags?post=34085"}],"curies":[{"name":"wp","href":"https:\/\/api.w.org\/{rel}","templated":true}]}}