{"id":34086,"date":"2019-05-13T05:00:42","date_gmt":"2019-05-13T09:00:42","guid":{"rendered":"https:\/\/linitiative.ca\/International\/bechar-des-structures-commerciales-fortement-degradees\/"},"modified":"2019-05-13T05:00:42","modified_gmt":"2019-05-13T09:00:42","slug":"bechar-des-structures-commerciales-fortement-degradees","status":"publish","type":"post","link":"https:\/\/linitiative.ca\/International\/bechar-des-structures-commerciales-fortement-degradees\/","title":{"rendered":"B\u00e9char :\u00a0Des structures commerciales fortement d\u00e9grad\u00e9es\u00a0\u00a0"},"content":{"rendered":"<h4 class=\"title-14\"\/>\n<p class=\"p4\"><span class=\"s7\"><strong>D<\/strong><\/span><span class=\"s6\">e toutes les r\u00e9gions du pays, B\u00e9char, capitale de la Saoura, est la r\u00e9gion la plus mal lotie en mati\u00e8re de march\u00e9s de fruits et l\u00e9gumes. Cela ne date pas d\u2019aujourd\u2019hui. Certains de ses march\u00e9s ont \u00e9t\u00e9 r\u00e9alis\u00e9s \u00e0 l\u2019\u00e9poque coloniale.<\/span><\/p>\n<p class=\"p4\"><span class=\"s6\">Ceux construits quelques ann\u00e9es plus tard sont devenus v\u00e9tustes et ne r\u00e9pondent plus aux besoins ni d\u2019ailleurs \u00e0 la conception de centre commercial moderne. Les march\u00e9s construits durant les ann\u00e9es 1970 sont \u00e0 leur tour devenus v\u00e9tustes et inappropri\u00e9s, que ce soit au centre-ville, \u00e0 Debdaba (\u00e0 proximit\u00e9 de l\u2019h\u00f4pital Boudiaf) ou encore \u00e0 B\u00e9char Dj\u00e9did. Ces march\u00e9s de fruits et l\u00e9gumes sont d\u2019un aspect et d\u2019une salet\u00e9 repoussante, o\u00f9 les conditions minimales d\u2019hygi\u00e8ne ne sont pas pr\u00e9sentes. Ils sont pourtant largement fr\u00e9quent\u00e9s par la population r\u00e9sign\u00e9e, car n\u2019ayant pas d\u2019autres choix.<\/span><\/p>\n<p class=\"p4\"><span class=\"s6\">La seule initiative jusqu\u2019ici annonc\u00e9e par les services de la wilaya a consist\u00e9 \u00e0 programmer non pas la d\u00e9molition r\u00e9clam\u00e9e par la population et riverains du plus grand march\u00e9 fr\u00e9quent\u00e9 au centre-ville, mais sa r\u00e9habilitation annonc\u00e9e dans quelques mois. Il s\u2019agit du march\u00e9 dit \u00abBouhlal\u00bb, construit au d\u00e9but des ann\u00e9es 1970, o\u00f9 les fruits et l\u00e9gumes sont encore \u00e9tal\u00e9s sur des t\u00f4les noircies et o\u00f9 le minimum d\u2019hygi\u00e8ne est absent. L\u2019appel des citoyens \u00e0 travers des p\u00e9titions pour la construction de march\u00e9s publics neufs, propres et modernes sera-t-il entendu par les autorit\u00e9s locales\u00a0?<\/span><\/p>\n<p class=\"p4\"><strong><span class=\"s2\">Le dispositif s\u00e9curitaire renforc\u00e9<\/span><\/strong><\/p>\n<p class=\"p4\"><span class=\"s7\"><strong>L<\/strong><\/span><span class=\"s6\">e plan de s\u00e9curisation des personnes et des biens mis en place dans la commune de B\u00e9char \u00e0 la veille du mois sacr\u00e9 de Ramadhan semble apparemment donner ses fruits apr\u00e8s une semaine de je\u00fbne. Le premier aspect visible de ce plan de s\u00e9curisation est ind\u00e9niablement la pr\u00e9sence permanente des agents de police sur les lieux \u00e0 haute fr\u00e9quentation et sur les axes routiers. L\u2019occupation du terrain est remarquable et constitue le point fort du plan, notamment la pr\u00e9sence polici\u00e8re \u00e0 proximit\u00e9 des march\u00e9s, les stations de bus, endroits commerciaux, lieux de culte et rues pi\u00e9tonni\u00e8res, qui connaissent un afflux consid\u00e9rable de circulation automobile, en particulier dans la soir\u00e9e.<\/span><\/p>\n<p class=\"p4\"><span class=\"s6\">Jusqu\u2019ici, aucun incident notable portant atteinte \u00e0 la qui\u00e9tude du citoyen n\u2019a \u00e9t\u00e9 signal\u00e9. Ce plan de s\u00e9curisation, affirme-t-on, est appuy\u00e9 et renforc\u00e9 par une campagne de sensibilisation des usagers de la route sur la limitation de vitesse. Aussi, tous les \u00e9l\u00e9ments des services de s\u00e9curit\u00e9 (policiers, brigades mobiles de la police judiciaire et personnels administratifs) font partie de ce plan global de s\u00e9curisation des personnes et des biens et qui expliquerait sa fiabilit\u00e9 et son succ\u00e8s, s\u2019empresse-t-on d\u2019affirmer. En plus, ajoute-t-on, le num\u00e9ro vert est mis \u00e0 la disposition des citoyens qui, en cas de trouble \u00e0 l\u2019ordre public, son invit\u00e9s \u00e0 avertir.\u00a0<\/span><\/p>\n<div class=\"yuzo_related_post style-1\" data-version=\"5.12.88\">\n<p><h3>Related Post<\/h3>\n<\/p>\n<div class=\"yuzo_wraps\">\n<div class=\"relatedthumb relatedpost-511851 c12\"><a href=\"https:\/\/www.elwatan.com\/regions\/sud\/actu-sud\/un-voleur-de-moto-sous-les-verrous-2-14-06-2016\"\/><\/p>\n<p><span class=\"yuzo__text--title c11\">Un voleur de moto sous les verrous<\/span><\/div>\n<div class=\"relatedthumb relatedpost-240835 c12\"><a href=\"https:\/\/www.elwatan.com\/pages-hebdo\/sup-eco\/kacem-mohammed-directeur-general-de-loaic-01-10-2007\"\/><\/p>\n<p><span class=\"yuzo__text--title c11\">Kacem Mohammed, directeur g\u00e9n\u00e9ral de l\u2019OAIC<\/span><\/div>\n<div class=\"relatedthumb relatedpost-552923 c12\"><a href=\"https:\/\/www.elwatan.com\/regions\/kabylie\/bejaia\/lhopital-a-son-numeriseur-radio-2-15-04-2018\"\/><\/p>\n<p><span class=\"yuzo__text--title c11\">L\u2019h\u00f4pital a son num\u00e9riseur radio<\/span><\/div>\n<div class=\"relatedthumb relatedpost-577605 c12\"><a href=\"https:\/\/www.elwatan.com\/regions\/est\/skikda\/le-maire-de-djendel-jette-leponge-09-05-2019\"\/><\/p>\n<p><span class=\"yuzo__text--title c11\">Le maire de Djendel jette l\u2019\u00e9ponge<\/span><\/div>\n<\/div>\n<\/div>\n<p><span class=\"post-views-label\">Post Views:<\/span> <span class=\"post-views-count\">99<\/span><\/p>\n<p>Auteur: Anis Khecheba<br \/>\n<a href=\"https:\/\/www.elwatan.com\/regions\/ouest\/actu-ouest\/bechar-des-structures-commerciales-fortement-degradees-13-05-2019\">Cliquez ici pour lire l&rsquo;article depuis sa source.<\/a><\/p>\n","protected":false},"excerpt":{"rendered":"<p>De toutes les r\u00e9gions du pays, B\u00e9char, capitale de la Saoura, est la r\u00e9gion la plus mal lotie en mati\u00e8re de march\u00e9s de fruits et l\u00e9gumes. Cela ne date pas d\u2019aujourd\u2019hui. Certains de ses march\u00e9s ont \u00e9t\u00e9 r\u00e9alis\u00e9s \u00e0 l\u2019\u00e9poque coloniale. Ceux construits quelques ann\u00e9es plus tard sont devenus v\u00e9tustes et ne r\u00e9pondent plus aux [&hellip;]<\/p>\n","protected":false},"author":1743,"featured_media":0,"comment_status":"closed","ping_status":"closed","sticky":false,"template":"","format":"standard","meta":{"fifu_image_url":"","fifu_image_alt":"","footnotes":""},"categories":[73,53],"tags":[],"class_list":["post-34086","post","type-post","status-publish","format-standard","hentry","category-actualite","category-algerie"],"_links":{"self":[{"href":"https:\/\/linitiative.ca\/International\/wp-json\/wp\/v2\/posts\/34086","targetHints":{"allow":["GET"]}}],"collection":[{"href":"https:\/\/linitiative.ca\/International\/wp-json\/wp\/v2\/posts"}],"about":[{"href":"https:\/\/linitiative.ca\/International\/wp-json\/wp\/v2\/types\/post"}],"author":[{"embeddable":true,"href":"https:\/\/linitiative.ca\/International\/wp-json\/wp\/v2\/users\/1743"}],"replies":[{"embeddable":true,"href":"https:\/\/linitiative.ca\/International\/wp-json\/wp\/v2\/comments?post=34086"}],"version-history":[{"count":0,"href":"https:\/\/linitiative.ca\/International\/wp-json\/wp\/v2\/posts\/34086\/revisions"}],"wp:attachment":[{"href":"https:\/\/linitiative.ca\/International\/wp-json\/wp\/v2\/media?parent=34086"}],"wp:term":[{"taxonomy":"category","embeddable":true,"href":"https:\/\/linitiative.ca\/International\/wp-json\/wp\/v2\/categories?post=34086"},{"taxonomy":"post_tag","embeddable":true,"href":"https:\/\/linitiative.ca\/International\/wp-json\/wp\/v2\/tags?post=34086"}],"curies":[{"name":"wp","href":"https:\/\/api.w.org\/{rel}","templated":true}]}}