{"id":34097,"date":"2019-05-13T07:26:00","date_gmt":"2019-05-13T11:26:00","guid":{"rendered":"https:\/\/linitiative.ca\/International\/sofiane-ben-farhat-fait-revivre-les-annees-folles-de-tunis-habiba-mesika-fathia-khairi-shefia-rochdi-et-hasiba-rochdi\/"},"modified":"2019-05-13T07:26:00","modified_gmt":"2019-05-13T11:26:00","slug":"sofiane-ben-farhat-fait-revivre-les-annees-folles-de-tunis-habiba-mesika-fathia-khairi-shefia-rochdi-et-hasiba-rochdi","status":"publish","type":"post","link":"https:\/\/linitiative.ca\/International\/sofiane-ben-farhat-fait-revivre-les-annees-folles-de-tunis-habiba-mesika-fathia-khairi-shefia-rochdi-et-hasiba-rochdi\/","title":{"rendered":"Sofiane Ben Farhat fait revivre \u2018\u2019Les Ann\u00e9es folles\u2019\u2019 de Tunis : Habiba Mesika, Fathia Khairi, Shefia Rochdi et Hasiba Rochdi"},"content":{"rendered":"<p>Enfant de Halfaouine, Sofiane Ben Farhat a gard\u00e9 la m\u00e9dina de Tunis chevill\u00e9e au corps. Ses ambiances, ses personnages et ses intrigues lui sont profond\u00e9ment ancr\u00e9s dans la m\u00e9moire. Festif dans l\u2019\u00e2me, conteur de talent, il a profit\u00e9 des premiers moments de disponibilit\u00e9 pour concocter une com\u00e9die musicale prometteuse. Sous le titre de \u00ab Les Ann\u00e9es folles \u00bb qui se situent fin des ann\u00e9es 20 et d\u00e9but des ann\u00e9es 30, il nous replonge dans cette exceptionnelle ambiance des boh\u00e9miens de la nuit \u00e0 Tunis regroup\u00e9s autour de grandes cantatrices, mais aussi des po\u00e8tes et autres talents litt\u00e9raires et artistiques. Un mouvement qui avait tenu en haleine la capitale, largement contribu\u00e9 \u00e0 l\u2019essor de la po\u00e9sie, du th\u00e9\u00e2tre, de la musique et de la nouvelle. C\u2019est d\u2019ailleurs ce qui donnera naissance en 1934, de la Rachidia.<\/p>\n<p>Pour cette saison 1, (il y en aura des suivantes, sans doute), Sofiane Ben Farhat a choisi quatre divas d\u2019exception : Habiba Mesika, Fathia Khairi, Shefia Rochdi et Hasiba Rochdi. Mais, elles n\u2019\u00e9taient pas seules. Leurs compagnons boh\u00e9miens, journalistes, po\u00e8tes et paroliers constituent en fait les v\u00e9ritables piliers de ce mouvement. Ben Farhat retiendra huit parmi eux, et ils sont bien illustres : Abderrazak Karabaka, Abdelaziz El Aroui, Ali Douaji, H\u00e9di Laabidi, Mahmoud Bourguiba, Jaleleddine Naccache, Mustapha Kheraief et Jameleddine Bousnina.<\/p>\n<p>L\u2019avant-premi\u00e8re est pr\u00e9vue pour cette semaine et les repr\u00e9sentations commenceront juste apr\u00e8s au Th\u00e9\u00e2tre de l\u2019Op\u00e9ra \u00e0 la Cit\u00e9 de la Culture de Tunis<\/p>\n<div readability=\"38\">\n<h2>Chant, danse, po\u00e9sie et enchantement<\/h2>\n<p>Cette com\u00e9die musicale, Sofiane Ben Farhat l\u2019a con\u00e7ue comme un voyage f\u00e9\u00e9rique et m\u00e9lodique, enchant\u00e9, peupl\u00e9 de chants, d\u2019amour, de glamour, d\u2019allusions et de verve. Il y prom\u00e8ne le spectateur dans les caf\u00e9s et salles des f\u00eates et caf\u00e9s-chantants, n\u2019h\u00e9sitant pas \u00e0 utiliser une cal\u00e8che d\u2018\u00e9poque. Les costumes, les \u00e9clairages, la troupe musicale \u00e0 l\u2019ancienne et le fameux conteur \u2018\u2018Gawal\u2019\u2019 y ajouteront tout le charme d\u2019une ambiance r\u00e9volue. Chacune des quatre divas chantera quatre \u0153uvres de son r\u00e9pertoire, le r\u00e9gal est garanti.<\/p>\n<p>Ben Farhat y a \u00e9t\u00e9 dans le lourd avec une production bien soutenue. S\u2019il est lui-m\u00eame l\u2019auteur, le dialoguiste et le producteur du spectacle, il en a confi\u00e9 la r\u00e9alisation \u00e0 Mourad Gharssali (assist\u00e9 de Faten Cherif), la chor\u00e9graphie et les costumes \u00e0 Siwar Ben Cheikh et la musique \u00e0 Noureddine Ben A\u00efcha. Le casting des com\u00e9diens compte Taoufik Bahri et Fathi Messelmani en t\u00eate d\u2019affiche, alors que pour les chansons, on trouve Sameh Landoulsi, Mahr Hammami, Mongia Sfaxi et Naoures Zamit. Les danses seront ex\u00e9cut\u00e9es par Ahmed Rezgui et autres In\u00e8s Cherni.<\/p>\n<p>Sacr\u00e9 Sofiane! Dans cette com\u00e9die musicale, il est en plein dans sa vocation premi\u00e8re : raconter, sc\u00e9nariser, enchanter.<\/p>\n<\/div>\n<p>Auteur:<br \/>\n<a href=\"https:\/\/www.leaders.com.tn\/article\/27102-sofiane-ben-farhat-fait-revivre-les-annees-folles-de-tunis-habiba-mesika-fathia-khairi-shefia-rochdi-et-hasiba-rochdi\">Cliquez ici pour lire l&rsquo;article depuis sa source.<\/a><\/p>\n","protected":false},"excerpt":{"rendered":"<p>Enfant de Halfaouine, Sofiane Ben Farhat a gard\u00e9 la m\u00e9dina de Tunis chevill\u00e9e au corps. Ses ambiances, ses personnages et ses intrigues lui sont profond\u00e9ment ancr\u00e9s dans la m\u00e9moire. Festif dans l\u2019\u00e2me, conteur de talent, il a profit\u00e9 des premiers moments de disponibilit\u00e9 pour concocter une com\u00e9die musicale prometteuse. Sous le titre de \u00ab Les [&hellip;]<\/p>\n","protected":false},"author":1772,"featured_media":0,"comment_status":"closed","ping_status":"closed","sticky":false,"template":"","format":"standard","meta":{"fifu_image_url":"","fifu_image_alt":"","footnotes":""},"categories":[73,55],"tags":[],"class_list":["post-34097","post","type-post","status-publish","format-standard","hentry","category-actualite","category-tunisie"],"_links":{"self":[{"href":"https:\/\/linitiative.ca\/International\/wp-json\/wp\/v2\/posts\/34097","targetHints":{"allow":["GET"]}}],"collection":[{"href":"https:\/\/linitiative.ca\/International\/wp-json\/wp\/v2\/posts"}],"about":[{"href":"https:\/\/linitiative.ca\/International\/wp-json\/wp\/v2\/types\/post"}],"author":[{"embeddable":true,"href":"https:\/\/linitiative.ca\/International\/wp-json\/wp\/v2\/users\/1772"}],"replies":[{"embeddable":true,"href":"https:\/\/linitiative.ca\/International\/wp-json\/wp\/v2\/comments?post=34097"}],"version-history":[{"count":0,"href":"https:\/\/linitiative.ca\/International\/wp-json\/wp\/v2\/posts\/34097\/revisions"}],"wp:attachment":[{"href":"https:\/\/linitiative.ca\/International\/wp-json\/wp\/v2\/media?parent=34097"}],"wp:term":[{"taxonomy":"category","embeddable":true,"href":"https:\/\/linitiative.ca\/International\/wp-json\/wp\/v2\/categories?post=34097"},{"taxonomy":"post_tag","embeddable":true,"href":"https:\/\/linitiative.ca\/International\/wp-json\/wp\/v2\/tags?post=34097"}],"curies":[{"name":"wp","href":"https:\/\/api.w.org\/{rel}","templated":true}]}}