{"id":34103,"date":"2019-05-13T06:00:00","date_gmt":"2019-05-13T10:00:00","guid":{"rendered":"https:\/\/linitiative.ca\/International\/une-ouverture-africaine-avec-djamel-laroussi\/"},"modified":"2019-05-13T06:00:00","modified_gmt":"2019-05-13T10:00:00","slug":"une-ouverture-africaine-avec-djamel-laroussi","status":"publish","type":"post","link":"https:\/\/linitiative.ca\/International\/une-ouverture-africaine-avec-djamel-laroussi\/","title":{"rendered":"Une ouverture \u00abafricaine\u00bb avec Djamel Laroussi"},"content":{"rendered":"<p>Le 20e Festival culturel europ\u00e9en s\u2019est ouvert\u00a0 vendredi soir, \u00e0 Alger, avec un concert \u00e9poustouflant du chanteur et\u00a0 guitariste\u00a0 alg\u00e9rien Djamel Laroussi, qui a enchant\u00e9 le nombreux\u00a0 public, dans une ambiance euphorique. Sous les slogans \u00abLes couleurs de l\u2019Europe\u00bb et \u00abVivre ensemble\u00bb,\u00a0 choisis par les organisateurs du 20e Festival culturel europ\u00e9en, accueilli\u00a0 pour sa c\u00e9r\u00e9monie inaugurale \u00e0 l\u2019Op\u00e9ra d\u2019Alger Boualem-Bessa\u00efh, Djamel Laroussi a pr\u00e9sent\u00e9 une quinzaine\u00a0 de ses pi\u00e8ces qu\u2019il a retravaill\u00e9es avec la chorale africaine du \u00abVivre\u00a0 ensemble\u00bb et ses 80 voix, sous la direction\u00a0 du Camerounais Mayam Cyrille. Dans un brassage de cultures et un m\u00e9lange de genres r\u00e9ussis, le public a\u00a0 pu appr\u00e9cier, 95 min durant, la virtuosit\u00e9 et le g\u00e9nie cr\u00e9atif du guitariste\u00a0 gaucher qui, apr\u00e8s avoir fait chanter les spectateurs sur Zina et\u00a0 N\u2019kodo, les a invit\u00e9s \u00e0 rejoindre les abords de la sc\u00e8ne pour interagir\u00a0 en mouvement avec lui.\u00a0<br \/>Une belle fusion orchestrale, anim\u00e9e par Hafid saidi \u00e0 la basse, Sma\u00efl\u00a0 Benhouhou au clavier, Lamine Sadi (chanteur cha\u00e2bi au mandole), Toufik\u00a0 Doukari et Mourad Bouchala au\u00a0 banjo, ainsi que Hafid Abdelaziz \u00e0 la batterie et Hamza Zaghouani \u00e0 la\u00a0 derbouka, a accompagn\u00e9 Djamel Laroussi dans la bonne humeur et le\u00a0 professionnalisme qu\u2019il a toujours exig\u00e9s. Dans une ambiance \u00e9lectrique, l\u2019artiste, dont les refrains \u00e9taient repris\u00a0 en ch\u0153urs par le public, a entonn\u00e9, entre autres pi\u00e8ces, La\u00e2fou, Mazel,\u00a0 Aho, Marhaba, Kifach Hilti, Da\u00e2ni ya Nadim, Hasna et Etoile\u00a0 filante, esquissant quelques pas de danse au milieu de ses admirateurs.\u00a0<br \/>Tr\u00e8s vite conquis par le guitariste gaucher, \u00e9poustouflant de technique et\u00a0 de ma\u00eetrise de l\u2019instrument, le public a c\u00e9d\u00e9 au d\u00e9hanchement devant la\u00a0 sc\u00e8ne, donnant du r\u00e9pondant aux\u00a0 artistes par des applaudissements r\u00e9p\u00e9t\u00e9s et des youyous nourris.\u00a0<br \/>Interpr\u00e9tant Amazing Grace, chanson dans le genre\u00a0 gospel, rendu \u00e0 voix nues, la chorale africaine du \u00abVivre ensemble\u00bb a\u00a0 adress\u00e9 une pens\u00e9e chaleureuse \u00e0\u00a0 l\u2019endroit des \u00e9tudiants Prosper Ndudzu du Zimbabw\u00e9 et Assil Betala\u00a0 d\u2019Alg\u00e9rie, qui ont perdu la vie \u00e0 Annaba et Alger, respectivement, dans\u00a0 deux \u00e9v\u00e8nements tragiques diff\u00e9rents, suite \u00e0\u00a0 des agressions.\u00a0 Djamel Laroussi a embarqu\u00e9 l\u2019assistance dans une\u00a0 randonn\u00e9e onirique, pr\u00f4nant le lien et l\u2019\u00e9change entre les cultures, dans\u00a0 une prestation de haute facture, tr\u00e8s\u00a0 appr\u00e9ci\u00e9e par les organisateurs du festival.\u00a0<br \/>Auparavant, l\u2019ambassadeur et chef de la d\u00e9l\u00e9gation de l\u2019Union europ\u00e9enne\u00a0 en Alg\u00e9rie, John O\u2019Rourke, a donn\u00e9 lecture \u00e0 l\u2019allocution d\u2019ouverture du 20e Festival culturel europ\u00e9en en\u00a0 Alg\u00e9rie, en pr\u00e9sence de plusieurs repr\u00e9sentants des diff\u00e9rentes missions\u00a0 diplomatiques accr\u00e9dit\u00e9es \u00e0 Alger et du directeur de l\u2019Op\u00e9ra d\u2019Alger,\u00a0 Noureddine Saoudi.\u00a0<br \/>Musique, danse et cin\u00e9ma sont au programme du 20e Festival culturel\u00a0 europ\u00e9en qui se poursuivra jusqu\u2019au 27 mai prochain \u00e0 la salle Ibn-Zeydoun de l\u2019Office Riadh El Feth \u00e0 Alger, ainsi qu\u2019\u00e0 B\u00e9ja\u00efa, Oran et Tizi-Ouzou. Seize pays europ\u00e9ens animent le 20e Festival culturel europ\u00e9en en Alg\u00e9rie.<\/p>\n<p>Auteur:<br \/>\n<a href=\"https:\/\/www.lesoirdalgerie.com\/culture\/une-ouverture-africaine-avec-djamel-laroussi-23750\">Cliquez ici pour lire l&rsquo;article depuis sa source.<\/a><\/p>\n","protected":false},"excerpt":{"rendered":"<p>Le 20e Festival culturel europ\u00e9en s\u2019est ouvert\u00a0 vendredi soir, \u00e0 Alger, avec un concert \u00e9poustouflant du chanteur et\u00a0 guitariste\u00a0 alg\u00e9rien Djamel Laroussi, qui a enchant\u00e9 le nombreux\u00a0 public, dans une ambiance euphorique. Sous les slogans \u00abLes couleurs de l\u2019Europe\u00bb et \u00abVivre ensemble\u00bb,\u00a0 choisis par les organisateurs du 20e Festival culturel europ\u00e9en, accueilli\u00a0 pour sa c\u00e9r\u00e9monie [&hellip;]<\/p>\n","protected":false},"author":1741,"featured_media":0,"comment_status":"closed","ping_status":"closed","sticky":false,"template":"","format":"standard","meta":{"fifu_image_url":"","fifu_image_alt":"","footnotes":""},"categories":[73,53],"tags":[],"class_list":["post-34103","post","type-post","status-publish","format-standard","hentry","category-actualite","category-algerie"],"_links":{"self":[{"href":"https:\/\/linitiative.ca\/International\/wp-json\/wp\/v2\/posts\/34103","targetHints":{"allow":["GET"]}}],"collection":[{"href":"https:\/\/linitiative.ca\/International\/wp-json\/wp\/v2\/posts"}],"about":[{"href":"https:\/\/linitiative.ca\/International\/wp-json\/wp\/v2\/types\/post"}],"author":[{"embeddable":true,"href":"https:\/\/linitiative.ca\/International\/wp-json\/wp\/v2\/users\/1741"}],"replies":[{"embeddable":true,"href":"https:\/\/linitiative.ca\/International\/wp-json\/wp\/v2\/comments?post=34103"}],"version-history":[{"count":0,"href":"https:\/\/linitiative.ca\/International\/wp-json\/wp\/v2\/posts\/34103\/revisions"}],"wp:attachment":[{"href":"https:\/\/linitiative.ca\/International\/wp-json\/wp\/v2\/media?parent=34103"}],"wp:term":[{"taxonomy":"category","embeddable":true,"href":"https:\/\/linitiative.ca\/International\/wp-json\/wp\/v2\/categories?post=34103"},{"taxonomy":"post_tag","embeddable":true,"href":"https:\/\/linitiative.ca\/International\/wp-json\/wp\/v2\/tags?post=34103"}],"curies":[{"name":"wp","href":"https:\/\/api.w.org\/{rel}","templated":true}]}}