{"id":34120,"date":"2019-05-13T09:46:30","date_gmt":"2019-05-13T13:46:30","guid":{"rendered":"https:\/\/linitiative.ca\/International\/le-css-sanctionne-par-la-caf\/"},"modified":"2019-05-13T09:46:30","modified_gmt":"2019-05-13T13:46:30","slug":"le-css-sanctionne-par-la-caf","status":"publish","type":"post","link":"https:\/\/linitiative.ca\/International\/le-css-sanctionne-par-la-caf\/","title":{"rendered":"Le CSS sanctionn\u00e9 par la CAF"},"content":{"rendered":"<div class=\"nc_socialPanel swp_flatFresh swp_d_fullColor swp_i_fullColor swp_o_fullColor scale-100 scale-fullWidth\" data-position=\"none\" data-float=\"floatNone\" data-count=\"5\" data-floatcolor=\"#ffffff\" data-emphasize=\"0\">\n<div class=\"nc_tweetContainer totes totesalt\" data-id=\"6\"><span class=\"swp_count\"><span class=\"swp_label\">Partages<\/span> 0<\/span><\/div>\n<\/div>\n<p>\u00c0 la lumi\u00e8re de l\u2019audition t\u00e9nue hier au si\u00e8ge de la Conf\u00e9d\u00e9ration africaine de football (CAF), concernant les incidents survenus\u00a0lors de la demi-finale retour de la Coupe de la CAF entre le Club Sportif Sfaxien et la RS Berkane et apr\u00e8s avoir pr\u00e9sent\u00e9 un dossier pour d\u00e9fendre le CSS de la part du pr\u00e9sident de la F\u00e9d\u00e9ration tunisienne de football (FTF), la commission de discipline de la CAF a d\u00e9cid\u00e9 :<\/p>\n<ul>\n<li>4 matchs de suspension pour le trio Sfaxien Nassim\u00a0Hnid,\u00a0Houssem\u00a0Dagdoug\u00a0et Aymen\u00a0 Harzi, dont un avec sursis.<\/li>\n<li>6 matchs d\u2019interdiction de banc pour l\u2019entra\u00eeneur adjoint Mahmoud\u00a0Masmoudi\u00a0et l\u2019accompagnateur Karim\u00a0Ghorbel\u00a0pendant les comp\u00e9titions de la CAF, dont un avec sursis.<\/li>\n<li>Une amende de 40 miles dollars \u00e0 payer dans 60 jours.<\/li>\n<\/ul>\n<div class=\"mvp-org-wrap mvp-org-logo\" itemprop=\"publisher\" itemscope=\"\" itemtype=\"https:\/\/schema.org\/Organization\"><img decoding=\"async\" src=\"https:\/\/sport.tunisienumerique.com\/wp-content\/uploads\/2017\/05\/logo_tunisie_numerique.png\"\/><\/div>\n<div class=\"nc_socialPanel swp_flatFresh swp_d_fullColor swp_i_fullColor swp_o_fullColor scale-100 scale-fullWidth\" data-position=\"none\" data-float=\"floatNone\" data-count=\"5\" data-floatcolor=\"#ffffff\" data-emphasize=\"0\">\n<div class=\"nc_tweetContainer totes totesalt\" data-id=\"6\"><span class=\"swp_count\"><span class=\"swp_label\">Partages<\/span> 0<\/span><\/div>\n<\/div>\n<div class=\"mvp-related-posts left relative\">\n<h4 class=\"post-header\"><span class=\"post-header\">Lire aussi<\/span><\/h4>\n<\/div>\n<p>Auteur: a.<br \/>\n<a href=\"https:\/\/sport.tunisienumerique.com\/css-sanctionne-caf\/\">Cliquez ici pour lire l&rsquo;article depuis sa source.<\/a><\/p>\n","protected":false},"excerpt":{"rendered":"<p>Partages 0 \u00c0 la lumi\u00e8re de l\u2019audition t\u00e9nue hier au si\u00e8ge de la Conf\u00e9d\u00e9ration africaine de football (CAF), concernant les incidents survenus\u00a0lors de la demi-finale retour de la Coupe de la CAF entre le Club Sportif Sfaxien et la RS Berkane et apr\u00e8s avoir pr\u00e9sent\u00e9 un dossier pour d\u00e9fendre le CSS de la part du [&hellip;]<\/p>\n","protected":false},"author":1789,"featured_media":34121,"comment_status":"closed","ping_status":"closed","sticky":false,"template":"","format":"standard","meta":{"fifu_image_url":"","fifu_image_alt":"","footnotes":""},"categories":[73,55],"tags":[],"class_list":["post-34120","post","type-post","status-publish","format-standard","has-post-thumbnail","hentry","category-actualite","category-tunisie"],"_links":{"self":[{"href":"https:\/\/linitiative.ca\/International\/wp-json\/wp\/v2\/posts\/34120","targetHints":{"allow":["GET"]}}],"collection":[{"href":"https:\/\/linitiative.ca\/International\/wp-json\/wp\/v2\/posts"}],"about":[{"href":"https:\/\/linitiative.ca\/International\/wp-json\/wp\/v2\/types\/post"}],"author":[{"embeddable":true,"href":"https:\/\/linitiative.ca\/International\/wp-json\/wp\/v2\/users\/1789"}],"replies":[{"embeddable":true,"href":"https:\/\/linitiative.ca\/International\/wp-json\/wp\/v2\/comments?post=34120"}],"version-history":[{"count":0,"href":"https:\/\/linitiative.ca\/International\/wp-json\/wp\/v2\/posts\/34120\/revisions"}],"wp:featuredmedia":[{"embeddable":true,"href":"https:\/\/linitiative.ca\/International\/wp-json\/"}],"wp:attachment":[{"href":"https:\/\/linitiative.ca\/International\/wp-json\/wp\/v2\/media?parent=34120"}],"wp:term":[{"taxonomy":"category","embeddable":true,"href":"https:\/\/linitiative.ca\/International\/wp-json\/wp\/v2\/categories?post=34120"},{"taxonomy":"post_tag","embeddable":true,"href":"https:\/\/linitiative.ca\/International\/wp-json\/wp\/v2\/tags?post=34120"}],"curies":[{"name":"wp","href":"https:\/\/api.w.org\/{rel}","templated":true}]}}