{"id":34122,"date":"2019-05-13T09:49:46","date_gmt":"2019-05-13T13:49:46","guid":{"rendered":"https:\/\/linitiative.ca\/International\/tunisie-demission-collective-de-15-membres-du-conseil-municipal-de-naassen-a-ben-arous\/"},"modified":"2019-05-13T09:49:46","modified_gmt":"2019-05-13T13:49:46","slug":"tunisie-demission-collective-de-15-membres-du-conseil-municipal-de-naassen-a-ben-arous","status":"publish","type":"post","link":"https:\/\/linitiative.ca\/International\/tunisie-demission-collective-de-15-membres-du-conseil-municipal-de-naassen-a-ben-arous\/","title":{"rendered":"Tunisie: D\u00e9mission collective de 15 membres du Conseil municipal de Naassen \u00e0 Ben Arous"},"content":{"rendered":"<div class=\"post-cont-in left relative\">\n<p>Quinze membres du Conseil municipal de Naassen ont adress\u00e9 lundi au gouverneur\u00a0de Ben Arous une d\u00e9mission collective en raison de l\u2019entrave aux moyens d\u2019entente et de dialogue avec la maire.<\/p>\n<p>Ils l\u2019accusent d\u2019abus\u00a0de pouvoir,\u00a0de pas mettre en \u0153uvre les d\u00e9cisions du Conseil incluses dans les proc\u00e8s-verbaux des r\u00e9unions et ne pas les publier \u00e0 l\u2019intention du public.<\/p>\n<div class=\"code-block code-block-1 c3\"><ins class=\"adsbygoogle c2\" data-ad-layout=\"in-article\" data-ad-format=\"fluid\" data-ad-client=\"ca-pub-2102118777505746\" data-ad-slot=\"7301775417\"\/> <\/div>\n<div class=\"mvp-org-wrap mvp-org-logo\" itemprop=\"publisher\" itemscope=\"\" itemtype=\"https:\/\/schema.org\/Organization\"><img decoding=\"async\" src=\"https:\/\/www.tunisienumerique.com\/wp-content\/uploads\/2017\/02\/logo_tunisie_numerique.png\"\/><\/div>\n<div class=\"mvp-related-posts left relative\">\n<h4 class=\"post-header\"><span class=\"post-header\">Lire aussi<\/span><\/h4>\n<\/div>\n<\/div>\n<p>Auteur: Mourad S<br \/>\n<a href=\"https:\/\/www.tunisienumerique.com\/tunisie-demission-collective-de-15-membres-du-conseil-municipal-de-naassen-a-ben-arous\/\">Cliquez ici pour lire l&rsquo;article depuis sa source.<\/a><\/p>\n","protected":false},"excerpt":{"rendered":"<p>Quinze membres du Conseil municipal de Naassen ont adress\u00e9 lundi au gouverneur\u00a0de Ben Arous une d\u00e9mission collective en raison de l\u2019entrave aux moyens d\u2019entente et de dialogue avec la maire. Ils l\u2019accusent d\u2019abus\u00a0de pouvoir,\u00a0de pas mettre en \u0153uvre les d\u00e9cisions du Conseil incluses dans les proc\u00e8s-verbaux des r\u00e9unions et ne pas les publier \u00e0 l\u2019intention [&hellip;]<\/p>\n","protected":false},"author":1789,"featured_media":34123,"comment_status":"closed","ping_status":"closed","sticky":false,"template":"","format":"standard","meta":{"fifu_image_url":"","fifu_image_alt":"","footnotes":""},"categories":[73,55],"tags":[],"class_list":["post-34122","post","type-post","status-publish","format-standard","has-post-thumbnail","hentry","category-actualite","category-tunisie"],"_links":{"self":[{"href":"https:\/\/linitiative.ca\/International\/wp-json\/wp\/v2\/posts\/34122","targetHints":{"allow":["GET"]}}],"collection":[{"href":"https:\/\/linitiative.ca\/International\/wp-json\/wp\/v2\/posts"}],"about":[{"href":"https:\/\/linitiative.ca\/International\/wp-json\/wp\/v2\/types\/post"}],"author":[{"embeddable":true,"href":"https:\/\/linitiative.ca\/International\/wp-json\/wp\/v2\/users\/1789"}],"replies":[{"embeddable":true,"href":"https:\/\/linitiative.ca\/International\/wp-json\/wp\/v2\/comments?post=34122"}],"version-history":[{"count":0,"href":"https:\/\/linitiative.ca\/International\/wp-json\/wp\/v2\/posts\/34122\/revisions"}],"wp:featuredmedia":[{"embeddable":true,"href":"https:\/\/linitiative.ca\/International\/wp-json\/"}],"wp:attachment":[{"href":"https:\/\/linitiative.ca\/International\/wp-json\/wp\/v2\/media?parent=34122"}],"wp:term":[{"taxonomy":"category","embeddable":true,"href":"https:\/\/linitiative.ca\/International\/wp-json\/wp\/v2\/categories?post=34122"},{"taxonomy":"post_tag","embeddable":true,"href":"https:\/\/linitiative.ca\/International\/wp-json\/wp\/v2\/tags?post=34122"}],"curies":[{"name":"wp","href":"https:\/\/api.w.org\/{rel}","templated":true}]}}