{"id":34130,"date":"2019-05-13T15:45:37","date_gmt":"2019-05-13T19:45:37","guid":{"rendered":"https:\/\/linitiative.ca\/International\/malgre-un-deficit-commercial-phenomenal-la-tunisie-oeuvre-a-augmenter-ses-importations-de-la-turquie\/"},"modified":"2019-05-13T15:45:37","modified_gmt":"2019-05-13T19:45:37","slug":"malgre-un-deficit-commercial-phenomenal-la-tunisie-oeuvre-a-augmenter-ses-importations-de-la-turquie","status":"publish","type":"post","link":"https:\/\/linitiative.ca\/International\/malgre-un-deficit-commercial-phenomenal-la-tunisie-oeuvre-a-augmenter-ses-importations-de-la-turquie\/","title":{"rendered":"Malgr\u00e9 un d\u00e9ficit commercial ph\u00e9nom\u00e9nal, la Tunisie \u0153uvre \u00e0 augmenter ses importations de la Turquie"},"content":{"rendered":"<div class=\"post-cont-in left relative\">\n<p>Bien que le d\u00e9ficit de la balance commerciale avec la Turquie ait atteint, selon les derniers chiffres, 904 milliards, l\u2019Agence de la Promotion de l\u2019Industrie et de la R\u00e9novation a d\u00e9cid\u00e9 d\u2019organiser un voyage d\u2019affaire, avec le d\u00e9part de plusieurs acteurs financiers et commerciaux tunisiens, pour prendre part \u00e0 l\u2019une des plus importantes foires turques de promotion des exportations des produits turcs.<\/p>\n<p>Cette foire se tiendra du 23 au 25 mai courant, \u00e0 Istanbul et pr\u00e9sentera de nouvelles opportunit\u00e9s aux hommes d\u2019affaires tunisiens, pour importer des produits divers, notamment, des tissus d\u2019ameublement, du textile, des appareils \u00e9lectrom\u00e9nagers\u00a0ainsi que des \u00e9quipements et accessoires de cuisine et de salles de bain.<\/p>\n<div class=\"code-block code-block-1 c3\"><ins class=\"adsbygoogle c2\" data-ad-layout=\"in-article\" data-ad-format=\"fluid\" data-ad-client=\"ca-pub-2102118777505746\" data-ad-slot=\"7301775417\"\/> <\/div>\n<p>Entretemps, qui se pr\u00e9occupe de promouvoir les exportations tunisiennes vers la Turquie\u00a0et que sommes-nous en train de leur vendre\u00a0?<\/p>\n<div class=\"mvp-org-wrap mvp-org-logo\" itemprop=\"publisher\" itemscope=\"\" itemtype=\"https:\/\/schema.org\/Organization\"><img decoding=\"async\" src=\"https:\/\/www.tunisienumerique.com\/wp-content\/uploads\/2017\/02\/logo_tunisie_numerique.png\"\/><\/div>\n<div class=\"mvp-related-posts left relative\">\n<h4 class=\"post-header\"><span class=\"post-header\">Lire aussi<\/span><\/h4>\n<\/div>\n<\/div>\n<p>Auteur: LM<br \/>\n<a href=\"https:\/\/www.tunisienumerique.com\/malgre-un-deficit-commercial-phenomenal-la-tunisie-oeuvre-a-augmenter-ses-importations-de-la-turquie\/\">Cliquez ici pour lire l&rsquo;article depuis sa source.<\/a><\/p>\n","protected":false},"excerpt":{"rendered":"<p>Bien que le d\u00e9ficit de la balance commerciale avec la Turquie ait atteint, selon les derniers chiffres, 904 milliards, l\u2019Agence de la Promotion de l\u2019Industrie et de la R\u00e9novation a d\u00e9cid\u00e9 d\u2019organiser un voyage d\u2019affaire, avec le d\u00e9part de plusieurs acteurs financiers et commerciaux tunisiens, pour prendre part \u00e0 l\u2019une des plus importantes foires turques [&hellip;]<\/p>\n","protected":false},"author":1789,"featured_media":34131,"comment_status":"closed","ping_status":"closed","sticky":false,"template":"","format":"standard","meta":{"fifu_image_url":"","fifu_image_alt":"","footnotes":""},"categories":[73,55],"tags":[],"class_list":["post-34130","post","type-post","status-publish","format-standard","has-post-thumbnail","hentry","category-actualite","category-tunisie"],"_links":{"self":[{"href":"https:\/\/linitiative.ca\/International\/wp-json\/wp\/v2\/posts\/34130","targetHints":{"allow":["GET"]}}],"collection":[{"href":"https:\/\/linitiative.ca\/International\/wp-json\/wp\/v2\/posts"}],"about":[{"href":"https:\/\/linitiative.ca\/International\/wp-json\/wp\/v2\/types\/post"}],"author":[{"embeddable":true,"href":"https:\/\/linitiative.ca\/International\/wp-json\/wp\/v2\/users\/1789"}],"replies":[{"embeddable":true,"href":"https:\/\/linitiative.ca\/International\/wp-json\/wp\/v2\/comments?post=34130"}],"version-history":[{"count":0,"href":"https:\/\/linitiative.ca\/International\/wp-json\/wp\/v2\/posts\/34130\/revisions"}],"wp:featuredmedia":[{"embeddable":true,"href":"https:\/\/linitiative.ca\/International\/wp-json\/"}],"wp:attachment":[{"href":"https:\/\/linitiative.ca\/International\/wp-json\/wp\/v2\/media?parent=34130"}],"wp:term":[{"taxonomy":"category","embeddable":true,"href":"https:\/\/linitiative.ca\/International\/wp-json\/wp\/v2\/categories?post=34130"},{"taxonomy":"post_tag","embeddable":true,"href":"https:\/\/linitiative.ca\/International\/wp-json\/wp\/v2\/tags?post=34130"}],"curies":[{"name":"wp","href":"https:\/\/api.w.org\/{rel}","templated":true}]}}