{"id":34136,"date":"2019-05-13T16:46:01","date_gmt":"2019-05-13T20:46:01","guid":{"rendered":"https:\/\/linitiative.ca\/International\/la-tunisie-condamne-les-attaques-contre-des-navires-au-large-des-cotes-emiraties\/"},"modified":"2019-05-13T16:46:01","modified_gmt":"2019-05-13T20:46:01","slug":"la-tunisie-condamne-les-attaques-contre-des-navires-au-large-des-cotes-emiraties","status":"publish","type":"post","link":"https:\/\/linitiative.ca\/International\/la-tunisie-condamne-les-attaques-contre-des-navires-au-large-des-cotes-emiraties\/","title":{"rendered":"La Tunisie condamne les attaques contre des navires au large des c\u00f4tes \u00e9miraties"},"content":{"rendered":"<div class=\"post-cont-in left relative\">\n<p>Le ministre des Affaires Etrang\u00e8res\u00a0de Tunisie a condamn\u00e9, ce lundi, les attaques terroristes perp\u00e9tr\u00e9es contre quatre navires au large des c\u00f4tes des Emirats Arabes Unis, dans un port de Fuja\u00efrah.<\/p>\n<p>Le ministre a bl\u00e2m\u00e9 ces actes qui contribuent \u00e0 augmenter la tension d\u00e9j\u00e0 \u00e9lev\u00e9e dans la r\u00e9gion du golfe persique et qui mettent en p\u00e9ril la navigation maritime et sa s\u00e9curit\u00e9 dans la r\u00e9gion.<\/p>\n<div class=\"code-block code-block-1 c3\"><ins class=\"adsbygoogle c2\" data-ad-layout=\"in-article\" data-ad-format=\"fluid\" data-ad-client=\"ca-pub-2102118777505746\" data-ad-slot=\"7301775417\"\/> <\/div>\n<div class=\"mvp-org-wrap mvp-org-logo\" itemprop=\"publisher\" itemscope=\"\" itemtype=\"https:\/\/schema.org\/Organization\"><img decoding=\"async\" src=\"https:\/\/www.tunisienumerique.com\/wp-content\/uploads\/2017\/02\/logo_tunisie_numerique.png\"\/><\/div>\n<div class=\"mvp-related-posts left relative\">\n<h4 class=\"post-header\"><span class=\"post-header\">Lire aussi<\/span><\/h4>\n<\/div>\n<\/div>\n<p>Auteur: LM<br \/>\n<a href=\"https:\/\/www.tunisienumerique.com\/la-tunisie-condamne-les-attaques-contre-des-navires-au-large-des-cotes-emiraties\/\">Cliquez ici pour lire l&rsquo;article depuis sa source.<\/a><\/p>\n","protected":false},"excerpt":{"rendered":"<p>Le ministre des Affaires Etrang\u00e8res\u00a0de Tunisie a condamn\u00e9, ce lundi, les attaques terroristes perp\u00e9tr\u00e9es contre quatre navires au large des c\u00f4tes des Emirats Arabes Unis, dans un port de Fuja\u00efrah. Le ministre a bl\u00e2m\u00e9 ces actes qui contribuent \u00e0 augmenter la tension d\u00e9j\u00e0 \u00e9lev\u00e9e dans la r\u00e9gion du golfe persique et qui mettent en p\u00e9ril [&hellip;]<\/p>\n","protected":false},"author":1789,"featured_media":34137,"comment_status":"closed","ping_status":"closed","sticky":false,"template":"","format":"standard","meta":{"fifu_image_url":"","fifu_image_alt":"","footnotes":""},"categories":[73,55],"tags":[],"class_list":["post-34136","post","type-post","status-publish","format-standard","has-post-thumbnail","hentry","category-actualite","category-tunisie"],"_links":{"self":[{"href":"https:\/\/linitiative.ca\/International\/wp-json\/wp\/v2\/posts\/34136","targetHints":{"allow":["GET"]}}],"collection":[{"href":"https:\/\/linitiative.ca\/International\/wp-json\/wp\/v2\/posts"}],"about":[{"href":"https:\/\/linitiative.ca\/International\/wp-json\/wp\/v2\/types\/post"}],"author":[{"embeddable":true,"href":"https:\/\/linitiative.ca\/International\/wp-json\/wp\/v2\/users\/1789"}],"replies":[{"embeddable":true,"href":"https:\/\/linitiative.ca\/International\/wp-json\/wp\/v2\/comments?post=34136"}],"version-history":[{"count":0,"href":"https:\/\/linitiative.ca\/International\/wp-json\/wp\/v2\/posts\/34136\/revisions"}],"wp:featuredmedia":[{"embeddable":true,"href":"https:\/\/linitiative.ca\/International\/wp-json\/"}],"wp:attachment":[{"href":"https:\/\/linitiative.ca\/International\/wp-json\/wp\/v2\/media?parent=34136"}],"wp:term":[{"taxonomy":"category","embeddable":true,"href":"https:\/\/linitiative.ca\/International\/wp-json\/wp\/v2\/categories?post=34136"},{"taxonomy":"post_tag","embeddable":true,"href":"https:\/\/linitiative.ca\/International\/wp-json\/wp\/v2\/tags?post=34136"}],"curies":[{"name":"wp","href":"https:\/\/api.w.org\/{rel}","templated":true}]}}