{"id":34138,"date":"2019-05-13T16:28:53","date_gmt":"2019-05-13T20:28:53","guid":{"rendered":"https:\/\/linitiative.ca\/International\/attaque-de-lieux-de-culte-au-burkina\/"},"modified":"2019-05-13T16:28:53","modified_gmt":"2019-05-13T20:28:53","slug":"attaque-de-lieux-de-culte-au-burkina","status":"publish","type":"post","link":"https:\/\/linitiative.ca\/International\/attaque-de-lieux-de-culte-au-burkina\/","title":{"rendered":"ATTAQUE DE LIEUX DE CULTE AU BURKINA:"},"content":{"rendered":"<p class=\"c3\"><em>Dimanche noir pour la communaut\u00e9 catholique de Dablo au Burkina, qui a \u00e9t\u00e9 la cible d\u2019une attaque terroriste le 12 mai dernier, laissant sur le carreau une demi-douzaine de fid\u00e8les, dont le pr\u00eatre c\u00e9l\u00e9brant. Quelque deux semaines plus t\u00f4t, c\u2019\u00e9tait un pasteur et cinq de ses fid\u00e8les qui \u00e9taient froidement abattus en plein office \u00e0 Silgadji, dans le nord du pays. Des tueries qui interviennent quelques mois apr\u00e8s les assassinats de pr\u00e9dicateurs et d\u2019imams dans la partie septentrionale du pays.Ainsi donc, apr\u00e8s les Forces de d\u00e9fense et de s\u00e9curit\u00e9, les symboles de l\u2019Etat que sont les pr\u00e9fectures, commissariats de police et autres mairies, les \u00e9coles, les attaques contre les lieux de culte et autres leaders religieux semblent devenues le nouveau mode op\u00e9ratoire des terroristes, apr\u00e8s les affrontements intercommunautaires et le pogrom de Yirgou en d\u00e9but d\u2019ann\u00e9e. L\u2019objectif \u00e9tant visiblement de mettre \u00e0 mal la coh\u00e9sion sociale, en dressant les communaut\u00e9s ethniques et confessions religieuses les unes contre les autres.<\/em><\/p>\n<p><strong>Les Burkinab\u00e8 ont compris que le chr\u00e9tien n\u2019est pas l\u2019ennemi du musulman ni du protestant et vice-versa<\/strong><\/p>\n<p class=\"c3\"><em>Mais les Burkinab\u00e8 ne doivent pas se tromper d\u2019ennemi. Ils doivent surtout \u00e9viter de tomber dans le pi\u00e8ge des terroristes qui, apr\u00e8s maintes tentatives qui n\u2019ont visiblement pas port\u00e9 les effets escompt\u00e9s, pensent \u00e0 pr\u00e9sent pouvoir trouver dans le divisionnisme ethnique et religieux, un terreau fertile pour l\u2019expansion de leur id\u00e9ologie de la haine. Aussi y a-t-il lieu de croire que ces changements it\u00e9ratifs de cap dans les attaques, sont la preuve que malgr\u00e9 les apparences, les terroristes sont fortement contrari\u00e9s dans leurs objectifs et autres projets funestes, par les Forces de d\u00e9fense et de s\u00e9curit\u00e9 qui sont sur la br\u00e8che. Si fait que ces malfaiteurs des temps modernes sont en train de tomber chaque jour un peu plus bas, en s\u2019attaquant de plus en plus \u00e0 d\u2019innocentes personnes sans d\u00e9fense, qui ont pourtant peu de chances de les suivre dans leur id\u00e9ologie obscurantiste. Car, les Burkinab\u00e8 ont compris que le chr\u00e9tien n\u2019est pas l\u2019ennemi du musulman ni du protestant et vice-versa. Mieux, tout porte \u00e0 croire que c\u2019est cette absence de rivalit\u00e9s entre des religions qui se respectent et qui ne manquent aucune occasion de montrer qu\u2019elles vivent en parfaite harmonie au Burkina, qui donne de l\u2019urticaire \u00e0 ces individus sans foi ni loi qui cherchent par tous les moyens \u00e0 d\u00e9saxer et briser les fondements de notre vivre-ensemble. Et si c\u2019est la d\u00e9stabilisation du pays qui est vis\u00e9e, personne ne sortirait gagnant si l\u2019Etat s\u2019\u00e9croulait. C\u2019est pourquoi, au-del\u00e0 des rivalit\u00e9s politiques, les Burkinab\u00e8 doivent se donner la main pour combattre l\u2019ennemi commun. Cela doit, entre autres, se traduire, au-del\u00e0 des condamnations de circonstance, par un engagement franc et sinc\u00e8re dans la recherche de solutions pour juguler le mal. Il y va de l\u2019int\u00e9r\u00eat de tous, et de la survie de la Nation. C\u2019est le lieu de saluer l\u2019action des Forces de d\u00e9fense et de s\u00e9curit\u00e9 pleinement engag\u00e9es dans le combat et qui sont en train de s\u2019adapter et de gagner en exp\u00e9rience dans cette guerre asym\u00e9trique contre un ennemi invisible, manifestement contraint \u00e0 de nouvelles trouvailles mal\u00e9fiques pour exister. Reste maintenant \u00e0 travailler \u00e0 inverser la tendance pour ne pas \u00eatre toujours dans la r\u00e9action.<\/em><\/p>\n<p><strong>La collaboration tant chant\u00e9e avec les FDS ne doit pas \u00eatre un vain mot<\/strong><\/p>\n<p class=\"c3\"><em>Ceci \u00e9tant, face \u00e0 ce nouveau mode op\u00e9ratoire des terroristes, que faut-il faire\u00a0? Il faut d\u00e9j\u00e0 faire preuve de r\u00e9silience et de lucidit\u00e9 pour ne pas jouer le jeu des terroristes en tombant dans les amalgames. Il faut ensuite inscrire la riposte dans une r\u00e9ponse globale \u00e0 la question du terrorisme car, rien ne dit qu\u2019il ne s\u2019agit pas de strat\u00e9gies pour disperser nos FDS pour pouvoir frapper encore plus durement. En tout \u00e9tat de cause, il est clair que l\u2019on ne peut pas continuellement d\u00e9ployer des FDS devant chaque lieu de culte. Il appartient donc aux populations de faire preuve d\u2019une vigilance plus accrue et surtout d\u2019une collaboration sans faille avec les FDS, en signalant tout individu, comportement ou fait suspect. Et en la mati\u00e8re, mieux vaut parfois p\u00e9cher par exc\u00e8s de prudence que par exc\u00e8s de n\u00e9gligence, car les terroristes ne sont pas des enfants de ch\u0153ur. Et plus vite est sonn\u00e9e l\u2019alerte, plus prompte peut \u00eatre la riposte. Dans le cas d\u2019esp\u00e8ce, les t\u00e9moignages concordent \u00e0 dire que les assaillants sont venus en nombre important. C\u2019est peu de dire que ce genre de colonnes mobiles peuvent difficilement passer inaper\u00e7ues. Et il n\u2019y a rien de mieux que le renseignement, pour permettre d\u2019anticiper leurs actions et pouvoir d\u00e9jouer leurs plans funestes. C\u2019est le r\u00f4le que devraient jouer, en premier lieu, les populations dont la crainte de repr\u00e9sailles qui les pousse \u00e0 ne pas collaborer franchement avec les FDS, ne se justifie pas, d\u2019autant qu\u2019en s\u2019abstenant de le faire, cela ne les met pas \u00e0 l\u2019abri de la furie des forces du mal. En tout cas, on ne peut pas dire que les cinq fid\u00e8les et le pr\u00eatre qui ont \u00e9t\u00e9 l\u00e2chement et froidement abattus en pleine messe dominicale, l\u2019ont \u00e9t\u00e9 pour avoir d\u00e9nonc\u00e9 quelque terroriste que ce soit. C\u2019est dire que la collaboration tant chant\u00e9e avec les FDS ne doit pas \u00eatre un vain mot, car c\u2019est de l\u00e0 que pourrait venir le salut des populations. Cela dit, la preuve est maintenant faite, pour ceux qui en doutaient encore, que la guerre contre le terrorisme est une guerre complexe et de longue haleine. Il faut donc esp\u00e9rer que le r\u00e9cent lancement de l\u2019op\u00e9ration \u00a0Ndofu au Nord, \u00e0 la suite et \u00e0 l\u2019image de l\u2019op\u00e9ration Otapuanu \u00e0 l\u2019Est il y a de cela quelques mois, permettra de \u00ab\u00a0d\u00e9raciner\u00a0\u00bb le mal \u00e0 la source et r\u00e9duire consid\u00e9rablement la voilure de ces barbares dans leur volont\u00e9 d\u2019installer un kalifat dans notre pays qu\u2019ils r\u00eavent de mettre sous coupe r\u00e9gl\u00e9e.<\/em><\/p>\n<p><strong>\u00ab\u00a0Le Pays\u00a0\u00bb<\/strong><\/p>\n<div class=\"stream-item stream-item-below-post-content\">\n<p><noscript><\/p>\n<p><a href=\"\/\/www3.smartadserver.com\/ac?jump=1&#038;nwid=2136&#038;siteid=240610&#038;pgname=rg&#038;fmtid=49046&#038;visit=m&#038;tmstp=[timestamp]&#038;out=nonrich\" target=\"_blank\" rel=\"noopener noreferrer\"><img decoding=\"async\" src=\"\/\/www3.smartadserver.com\/ac?out=nonrich&#038;nwid=2136&#038;siteid=240610&#038;pgname=rg&#038;fmtid=49046&#038;visit=m&#038;tmstp=[timestamp]\" border=\"0\" alt=\"\"\/><\/a><\/p>\n<p><\/noscript><\/div>\n<p>Auteur: Le Pays<br \/>\n<a href=\"http:\/\/lepays.bf\/attaque-de-lieux-de-culte-au-burkina\/\">Cliquez ici pour lire l&rsquo;article depuis sa source.<\/a><\/p>\n","protected":false},"excerpt":{"rendered":"<p>Dimanche noir pour la communaut\u00e9 catholique de Dablo au Burkina, qui a \u00e9t\u00e9 la cible d\u2019une attaque terroriste le 12 mai dernier, laissant sur le carreau une demi-douzaine de fid\u00e8les, dont le pr\u00eatre c\u00e9l\u00e9brant. Quelque deux semaines plus t\u00f4t, c\u2019\u00e9tait un pasteur et cinq de ses fid\u00e8les qui \u00e9taient froidement abattus en plein office \u00e0 [&hellip;]<\/p>\n","protected":false},"author":1813,"featured_media":0,"comment_status":"closed","ping_status":"closed","sticky":false,"template":"","format":"standard","meta":{"fifu_image_url":"","fifu_image_alt":"","footnotes":""},"categories":[73,81],"tags":[],"class_list":["post-34138","post","type-post","status-publish","format-standard","hentry","category-actualite","category-burkina-faso"],"_links":{"self":[{"href":"https:\/\/linitiative.ca\/International\/wp-json\/wp\/v2\/posts\/34138","targetHints":{"allow":["GET"]}}],"collection":[{"href":"https:\/\/linitiative.ca\/International\/wp-json\/wp\/v2\/posts"}],"about":[{"href":"https:\/\/linitiative.ca\/International\/wp-json\/wp\/v2\/types\/post"}],"author":[{"embeddable":true,"href":"https:\/\/linitiative.ca\/International\/wp-json\/wp\/v2\/users\/1813"}],"replies":[{"embeddable":true,"href":"https:\/\/linitiative.ca\/International\/wp-json\/wp\/v2\/comments?post=34138"}],"version-history":[{"count":0,"href":"https:\/\/linitiative.ca\/International\/wp-json\/wp\/v2\/posts\/34138\/revisions"}],"wp:attachment":[{"href":"https:\/\/linitiative.ca\/International\/wp-json\/wp\/v2\/media?parent=34138"}],"wp:term":[{"taxonomy":"category","embeddable":true,"href":"https:\/\/linitiative.ca\/International\/wp-json\/wp\/v2\/categories?post=34138"},{"taxonomy":"post_tag","embeddable":true,"href":"https:\/\/linitiative.ca\/International\/wp-json\/wp\/v2\/tags?post=34138"}],"curies":[{"name":"wp","href":"https:\/\/api.w.org\/{rel}","templated":true}]}}