{"id":34139,"date":"2019-05-13T16:33:15","date_gmt":"2019-05-13T20:33:15","guid":{"rendered":"https:\/\/linitiative.ca\/International\/promesse-de-tshisekedi-de-lutter-contre-la-mal-gouvernance\/"},"modified":"2019-05-13T16:33:15","modified_gmt":"2019-05-13T20:33:15","slug":"promesse-de-tshisekedi-de-lutter-contre-la-mal-gouvernance","status":"publish","type":"post","link":"https:\/\/linitiative.ca\/International\/promesse-de-tshisekedi-de-lutter-contre-la-mal-gouvernance\/","title":{"rendered":"PROMESSE DE TSHISEKEDI DE LUTTER CONTRE LA MAL-GOUVERNANCE"},"content":{"rendered":"<p class=\"c3\"><em>\u00ab Je combattrai avec la derni\u00e8re \u00e9nergie la corruption, le d\u00e9tournement des deniers publics, le tribalisme, la concussion, le client\u00e9lisme, l\u2019incivisme \u00bb, a d\u00e9clar\u00e9 le pr\u00e9sident RD congolais, F\u00e9lix Tshis\u00e9k\u00e9di, au cours d\u2019une rencontre avec les nouveaux gouverneurs de provinces. C\u2019\u00e9tait le 13 mai dernier. Le num\u00e9ro un des Congolais s\u2019est dit par ailleurs \u00ab choqu\u00e9 par les tracasseries administratives, polici\u00e8res et militaires qui heurtent la population \u00bb, qu\u2019il dit avoir constat\u00e9es lors de plusieurs d\u00e9placements en province. Pour ce faire, il promet de passer avec les gouverneurs, un \u00ab contrat-programme \u00bb devant permettre d\u2019\u00e9valuer les performances des uns et des autres \u00e0 l\u2019issue de chaque trimestre. F\u00e9lix Tshis\u00e9k\u00e9di voudrait r\u00e9affirmer son autorit\u00e9 qu\u2019il ne s\u2019y prendrait pas autrement, d\u2019autant que la majorit\u00e9 des gouverneurs devant lesquels il tenait ces propos, sont des proches de l\u2019ex-pr\u00e9sident Joseph Kabila.Par cette sortie, le ma\u00eetre de Kinshasa traduit sa volont\u00e9 d\u2019op\u00e9rer un changement avec la gouvernance de son pr\u00e9d\u00e9cesseur, qui \u00e9tait caract\u00e9ris\u00e9e par la corruption et le pillage syst\u00e9matique et organis\u00e9 des biens publics.<\/em><\/p>\n<p><strong>Tshis\u00e9k\u00e9di est un roi sans couronne<\/strong><\/p>\n<p class=\"c3\"><em>C\u2019est tout \u00e0 son honneur puisque sur ce point pr\u00e9cis, il est en phase avec les aspirations du peuple congolais qui a longtemps souffert le martyre. Mais quand on sait les conditions dans lesquelles Tshis\u00e9k\u00e9di est arriv\u00e9 au pouvoir, on a bien peur que cette promesse de lutter contre la corruption ne soit un simple effet d\u2019annonce ou une annonce sans effet. L\u2019enfer est pav\u00e9 de bonnes intentions, est-on tent\u00e9 de dire. Cela est d\u2019autant plus vrai que Tshis\u00e9k\u00e9di est un roi sans couronne ; le v\u00e9ritable ma\u00eetre du jeu en R\u00e9publique d\u00e9mocratique du Congo (RDC) \u00e9tant Joseph Kabila qui d\u00e9tient encore toutes les cartes en main. A preuve, cela fait plus de cent jours qu\u2019il a \u00e9t\u00e9 \u00e9lu et investi pr\u00e9sident de la R\u00e9publique mais jusqu\u2019\u00e0 ce jour, il n\u2019a toujours pas r\u00e9ussi \u00e0 former un nouveau gouvernement pour la simple raison qu\u2019il n\u2019a pas les coud\u00e9es franches. Comment alors, dans ces conditions, Tshis\u00e9k\u00e9di peut-il op\u00e9rer un changement en composant avec ceux-l\u00e0 qui incarnaient l\u2019ancien r\u00e9gime ? Autant dire qu\u2019il s\u2019agit l\u00e0 d\u2019un simple v\u0153u pieux quand on sait que, peu avant, soit le 1er mai dernier, les m\u00eames gouverneurs auxquels il s\u2019adressait, avaient \u00e9t\u00e9 re\u00e7us par Joseph Kabila himself.<\/em> <em>En tout cas, F\u00e9lix Tshis\u00e9k\u00e9di est plus \u00e0 plaindre qu\u2019\u00e0 envier. Car voil\u00e0 un homme devenu chef d\u2019Etat apr\u00e8s un accord avec son pr\u00e9d\u00e9cesseur dont la coalition a finalement gard\u00e9 le contr\u00f4le de toutes les institutions (Assembl\u00e9e nationale, S\u00e9nat, Assembl\u00e9es provinciales, gouvernorats provinciaux), et qui, finalement, s\u2019est retrouv\u00e9 \u00e0 jouer les faire-valoir.<\/em><\/p>\n<p><strong>B.O<\/strong><\/p>\n<div class=\"stream-item stream-item-below-post-content\">\n<p><noscript><\/p>\n<p><a href=\"\/\/www3.smartadserver.com\/ac?jump=1&#038;nwid=2136&#038;siteid=240610&#038;pgname=rg&#038;fmtid=49046&#038;visit=m&#038;tmstp=[timestamp]&#038;out=nonrich\" target=\"_blank\" rel=\"noopener noreferrer\"><img decoding=\"async\" src=\"\/\/www3.smartadserver.com\/ac?out=nonrich&#038;nwid=2136&#038;siteid=240610&#038;pgname=rg&#038;fmtid=49046&#038;visit=m&#038;tmstp=[timestamp]\" border=\"0\" alt=\"\"\/><\/a><\/p>\n<p><\/noscript><\/div>\n<p>Auteur: Le Pays<br \/>\n<a href=\"http:\/\/lepays.bf\/promesse-de-tshisekedi-de-lutter-contre-la-mal-gouvernance\/\">Cliquez ici pour lire l&rsquo;article depuis sa source.<\/a><\/p>\n","protected":false},"excerpt":{"rendered":"<p>\u00ab Je combattrai avec la derni\u00e8re \u00e9nergie la corruption, le d\u00e9tournement des deniers publics, le tribalisme, la concussion, le client\u00e9lisme, l\u2019incivisme \u00bb, a d\u00e9clar\u00e9 le pr\u00e9sident RD congolais, F\u00e9lix Tshis\u00e9k\u00e9di, au cours d\u2019une rencontre avec les nouveaux gouverneurs de provinces. C\u2019\u00e9tait le 13 mai dernier. Le num\u00e9ro un des Congolais s\u2019est dit par ailleurs \u00ab [&hellip;]<\/p>\n","protected":false},"author":1813,"featured_media":0,"comment_status":"closed","ping_status":"closed","sticky":false,"template":"","format":"standard","meta":{"fifu_image_url":"","fifu_image_alt":"","footnotes":""},"categories":[73,81],"tags":[],"class_list":["post-34139","post","type-post","status-publish","format-standard","hentry","category-actualite","category-burkina-faso"],"_links":{"self":[{"href":"https:\/\/linitiative.ca\/International\/wp-json\/wp\/v2\/posts\/34139","targetHints":{"allow":["GET"]}}],"collection":[{"href":"https:\/\/linitiative.ca\/International\/wp-json\/wp\/v2\/posts"}],"about":[{"href":"https:\/\/linitiative.ca\/International\/wp-json\/wp\/v2\/types\/post"}],"author":[{"embeddable":true,"href":"https:\/\/linitiative.ca\/International\/wp-json\/wp\/v2\/users\/1813"}],"replies":[{"embeddable":true,"href":"https:\/\/linitiative.ca\/International\/wp-json\/wp\/v2\/comments?post=34139"}],"version-history":[{"count":0,"href":"https:\/\/linitiative.ca\/International\/wp-json\/wp\/v2\/posts\/34139\/revisions"}],"wp:attachment":[{"href":"https:\/\/linitiative.ca\/International\/wp-json\/wp\/v2\/media?parent=34139"}],"wp:term":[{"taxonomy":"category","embeddable":true,"href":"https:\/\/linitiative.ca\/International\/wp-json\/wp\/v2\/categories?post=34139"},{"taxonomy":"post_tag","embeddable":true,"href":"https:\/\/linitiative.ca\/International\/wp-json\/wp\/v2\/tags?post=34139"}],"curies":[{"name":"wp","href":"https:\/\/api.w.org\/{rel}","templated":true}]}}