{"id":34140,"date":"2019-05-13T16:45:35","date_gmt":"2019-05-13T20:45:35","guid":{"rendered":"https:\/\/linitiative.ca\/International\/apurement-du-passif-foncier\/"},"modified":"2019-05-13T16:45:35","modified_gmt":"2019-05-13T20:45:35","slug":"apurement-du-passif-foncier","status":"publish","type":"post","link":"https:\/\/linitiative.ca\/International\/apurement-du-passif-foncier\/","title":{"rendered":"APUREMENT DU PASSIF FONCIER :"},"content":{"rendered":"<p class=\"c3\"><em>Le minist\u00e8re de l\u2019Urbanisme et de l\u2019habitat a partag\u00e9, le 7 mai dernier, avec les m\u00e9dias, son bilan. Celui-ci se d\u00e9cline en six points\u00a0: lotissement, apurement du passif foncier, mobilisation du foncier par les promoteurs immobiliers, zones non-loties, programme national de construction de logements et bail locatif. De tous ces points, nous avons choisi de nous arr\u00eater sur celui li\u00e9 \u00e0 l\u2019apurement du passif foncier. En termes de bilan, le minist\u00e8re estime que le processus est \u00e0 sa deuxi\u00e8me phase. L\u2019objectif est de \u00ab\u00a0trancher les diff\u00e9rents cas litigieux qu\u2019il y a eu sur le terrain et favoriser ainsi l\u2019apurement du passif sur le foncier\u00a0\u00bb dans les centres urbains concern\u00e9s. L\u2019on peut d\u2019abord saluer l\u2019engagement de l\u2019Etat \u00e0 \u00e9lucider les diff\u00e9rents cas litigieux. L\u2019on peut d\u2019autant plus le saluer que cela correspond \u00e0 une forte attente des populations. En effet, il n\u2019y a pas un seul centre urbain au Burkina, qui ne connaisse pas de probl\u00e8mes sur le foncier. Attribution d\u2019une m\u00eame parcelle \u00e0 plusieurs personnes, attributions fictives de parcelles, attributions ill\u00e9gales de parcelles, d\u00e9tournements de parcelles au d\u00e9triment des citoyens. Bref, le passif sur le foncier constitue une v\u00e9ritable bombe sur toute l\u2019\u00e9tendue du territoire national. Mais les cas les plus embl\u00e9matiques sont ceux de Ouagadougou et Bobo-Dioulasso. Dans ces villes, en effet, l\u2019on ne compte plus le nombre de litiges en mati\u00e8re fonci\u00e8re. Et les plaintes des citoyens qui en ont \u00e9t\u00e9 victimes sont rest\u00e9es, \u00e0 ce jour, sans suite. Un effort remarquable avait \u00e9t\u00e9 fait sous la Transition pour \u00e9clairer les zones d\u2019ombre. Cela s\u2019est traduit par l\u2019arrestation de maires d\u2019arrondissements et de conseillers municipaux soup\u00e7onn\u00e9s d\u2019avoir tremp\u00e9 la main dans le cambouis. Depuis l\u2019av\u00e8nement du MPP (Mouvement du peuple pour le progr\u00e8s) au pouvoir, l\u2019on peut faire le constat que cette op\u00e9ration consistant \u00e0 faire rendre gorge \u00e0 certaines personnes ayant commis des abus en mati\u00e8re de foncier urbain, a \u00e9t\u00e9 soigneusement rang\u00e9e aux oubliettes. Et l\u2019on peut expliquer cela de la mani\u00e8re suivante.<\/em><\/p>\n<p><strong>Les Burkinab\u00e8 de bonne foi n\u2019ont rien \u00e0 craindre d\u2019un apurement du passif foncier<\/strong><\/p>\n<p class=\"c3\"><em>La race des pr\u00e9dateurs des parcelles est n\u00e9e, peut-on dire, avec la mort de Thomas Sankara. Les \u00ab Rectificateurs \u00bb qui lui ont succ\u00e9d\u00e9, se sont vite illustr\u00e9s dans le trafic mafieux des parcelles. Et leur voracit\u00e9 \u00e9tait telle qu\u2019ils ne se fixaient aucune limite. De ce fait, ils se sont outrageusement et rapidement enrichis sur la base de la sp\u00e9culation fonci\u00e8re. C\u2019est \u00e0 cette \u00e9poque que la race des nouveaux riches repus et arrogants, est n\u00e9e. Et ils ont utilis\u00e9 leur fortune mal acquise pour acheter les consciences des \u00e9lecteurs pour consolider leur mainmise politique sur le pays depuis 1987 jusqu\u2019\u00e0 nos jours. Et parmi ceux qui se sont illustr\u00e9s de la pire des mani\u00e8res dans le trafic \u00e9hont\u00e9 des parcelles, il y en a encore qui sont aux affaires aujourd\u2019hui. C\u2019est pourquoi il ne faut pas r\u00eaver de les voir travailler s\u00e9rieusement \u00e0 apurer le passif foncier. Car, ils ne peuvent pas le faire sans courir le risque de se voir rattrap\u00e9s par leur pass\u00e9 sulfureux de marchands cupides de parcelles. Pour apurer, comme il le faut, le lourd passif foncier, il faut \u00e9purer d\u2019abord tout le personnel politique et administratif qui s\u2019est servi de la manne des parcelles pour b\u00e2tir leur carri\u00e8re politique. Mais qui peut proc\u00e9der \u00e0 cet apurement ? Seul un personnel politique nouveau qui a la morale chevill\u00e9e au corps et qui n\u2019a rien \u00e0 se reprocher dans la gestion calamiteuse de la question du foncier urbain, peut le faire. En tout cas, les Burkinab\u00e8 de bonne foi n\u2019ont rien \u00e0 craindre d\u2019un apurement du passif foncier digne de ce nom. Ceux des Burkinab\u00e8 qui le redoutent, savent qu\u2019ils ont les mains sales. De ce point de vue, il n\u2019est pas exclu que ceux qui nous gouvernent aujourd\u2019hui, et qui ont promis d\u2019apurer le probl\u00e8me, fassent dans le dilatoire et la diversion afin de refiler la patate chaude \u00e0 d\u2019autres. C\u2019est pourquoi l\u2019on peut comprendre que certaines associations de la soci\u00e9t\u00e9 civile qui \u0153uvrent dans le domaine, sont impatientes de voir enfin s\u2019ouvrir le dossier de l\u2019apurement des probl\u00e8mes fonciers au Burkina. Le moins que l\u2019on puisse dire, c\u2019est qu\u2019elles sont dans leur bon droit. Et tant qu\u2019elles militeront dans le sens de l\u2019int\u00e9r\u00eat g\u00e9n\u00e9ral, elles n\u2019ont rien \u00e0 craindre. Tout ce qu\u2019elles doivent \u00e9viter, c\u2019est de se laisser instrumentaliser par les hommes politiques. Car, bien d\u2019entre eux ne sont pas exempts de tout reproche dans la gestion chaotique du foncier urbain.<\/em> <em>En r\u00e9alit\u00e9, un v\u00e9ritable apurement du passif foncier doit passer obligatoirement par la v\u00e9rit\u00e9 et la justice. Les Burkinab\u00e8 sont dans leur droit de savoir qui a fait quoi de louche dans la gestion de parcelles, et qui doit rendre gorge pour cela.<\/em><\/p>\n<p><strong>Sidzabda<\/strong><\/p>\n<div class=\"stream-item stream-item-below-post-content\">\n<p><noscript><\/p>\n<p><a href=\"\/\/www3.smartadserver.com\/ac?jump=1&#038;nwid=2136&#038;siteid=240610&#038;pgname=rg&#038;fmtid=49046&#038;visit=m&#038;tmstp=[timestamp]&#038;out=nonrich\" target=\"_blank\" rel=\"noopener noreferrer\"><img decoding=\"async\" src=\"\/\/www3.smartadserver.com\/ac?out=nonrich&#038;nwid=2136&#038;siteid=240610&#038;pgname=rg&#038;fmtid=49046&#038;visit=m&#038;tmstp=[timestamp]\" border=\"0\" alt=\"\"\/><\/a><\/p>\n<p><\/noscript><\/div>\n<p>Auteur: Le Pays<br \/>\n<a href=\"http:\/\/lepays.bf\/apurement-du-passif-foncier\/\">Cliquez ici pour lire l&rsquo;article depuis sa source.<\/a><\/p>\n","protected":false},"excerpt":{"rendered":"<p>Le minist\u00e8re de l\u2019Urbanisme et de l\u2019habitat a partag\u00e9, le 7 mai dernier, avec les m\u00e9dias, son bilan. Celui-ci se d\u00e9cline en six points\u00a0: lotissement, apurement du passif foncier, mobilisation du foncier par les promoteurs immobiliers, zones non-loties, programme national de construction de logements et bail locatif. De tous ces points, nous avons choisi de [&hellip;]<\/p>\n","protected":false},"author":1813,"featured_media":0,"comment_status":"closed","ping_status":"closed","sticky":false,"template":"","format":"standard","meta":{"fifu_image_url":"","fifu_image_alt":"","footnotes":""},"categories":[73,81],"tags":[],"class_list":["post-34140","post","type-post","status-publish","format-standard","hentry","category-actualite","category-burkina-faso"],"_links":{"self":[{"href":"https:\/\/linitiative.ca\/International\/wp-json\/wp\/v2\/posts\/34140","targetHints":{"allow":["GET"]}}],"collection":[{"href":"https:\/\/linitiative.ca\/International\/wp-json\/wp\/v2\/posts"}],"about":[{"href":"https:\/\/linitiative.ca\/International\/wp-json\/wp\/v2\/types\/post"}],"author":[{"embeddable":true,"href":"https:\/\/linitiative.ca\/International\/wp-json\/wp\/v2\/users\/1813"}],"replies":[{"embeddable":true,"href":"https:\/\/linitiative.ca\/International\/wp-json\/wp\/v2\/comments?post=34140"}],"version-history":[{"count":0,"href":"https:\/\/linitiative.ca\/International\/wp-json\/wp\/v2\/posts\/34140\/revisions"}],"wp:attachment":[{"href":"https:\/\/linitiative.ca\/International\/wp-json\/wp\/v2\/media?parent=34140"}],"wp:term":[{"taxonomy":"category","embeddable":true,"href":"https:\/\/linitiative.ca\/International\/wp-json\/wp\/v2\/categories?post=34140"},{"taxonomy":"post_tag","embeddable":true,"href":"https:\/\/linitiative.ca\/International\/wp-json\/wp\/v2\/tags?post=34140"}],"curies":[{"name":"wp","href":"https:\/\/api.w.org\/{rel}","templated":true}]}}