{"id":34141,"date":"2019-05-13T17:42:30","date_gmt":"2019-05-13T21:42:30","guid":{"rendered":"https:\/\/linitiative.ca\/International\/respect-des-droits-humains-en-milieu-carceral\/"},"modified":"2019-05-13T17:42:30","modified_gmt":"2019-05-13T21:42:30","slug":"respect-des-droits-humains-en-milieu-carceral","status":"publish","type":"post","link":"https:\/\/linitiative.ca\/International\/respect-des-droits-humains-en-milieu-carceral\/","title":{"rendered":"Respect des droits humains en milieu carc\u00e9ral"},"content":{"rendered":"<div class=\"td-post-featured-image\"><a href=\"https:\/\/i2.wp.com\/www.sidwaya.info\/wp-content\/uploads\/2019\/05\/sidgsp14.jpg?fit=787%2C525&#038;ssl=1\" data-caption=\"\"><img loading=\"lazy\" decoding=\"async\" width=\"696\" height=\"464\" class=\"entry-thumb td-modal-image\" src=\"https:\/\/i2.wp.com\/www.sidwaya.info\/wp-content\/uploads\/2019\/05\/sidgsp14.jpg?resize=696%2C464&#038;ssl=1\" srcset=\"https:\/\/i2.wp.com\/www.sidwaya.info\/wp-content\/uploads\/2019\/05\/sidgsp14.jpg?w=787&#038;ssl=1 787w, https:\/\/i2.wp.com\/www.sidwaya.info\/wp-content\/uploads\/2019\/05\/sidgsp14.jpg?resize=300%2C200&#038;ssl=1 300w, https:\/\/i2.wp.com\/www.sidwaya.info\/wp-content\/uploads\/2019\/05\/sidgsp14.jpg?resize=768%2C512&#038;ssl=1 768w, https:\/\/i2.wp.com\/www.sidwaya.info\/wp-content\/uploads\/2019\/05\/sidgsp14.jpg?resize=696%2C464&#038;ssl=1 696w, https:\/\/i2.wp.com\/www.sidwaya.info\/wp-content\/uploads\/2019\/05\/sidgsp14.jpg?resize=630%2C420&#038;ssl=1 630w\" sizes=\"auto, (max-width: 696px) 100vw, 696px\" alt=\"\" title=\"sidgsp14\"\/><\/a><\/div>\n<div class=\"td-a-rec td-a-rec-id-content_top td_uid_30_5cd9e52e024fb_rand td_block_template_1\"><img loading=\"lazy\" decoding=\"async\" class=\"aligncenter size-full wp-image-4463\" src=\"https:\/\/www.sidwaya.info\/wp-content\/uploads\/2019\/02\/FESPACO-TOUR-2019-Bannie%CC%80re-728x90-1.jpg\" alt=\"\" width=\"728\" height=\"90\"\/><\/div>\n<p>Le Groupe de recherche et d\u2019action sur le p\u00e9nitentiaire (GRAP) a proc\u00e9d\u00e9, le samedi 11 mai 2019 \u00e0 Ouagadougou, au lancement de ses activit\u00e9s de d\u00e9fense et de promotion des droits humains en milieu carc\u00e9ral.<\/p>\n<p>Les membres du Groupe de recherche et d\u2019action sur le p\u00e9nitentiaire (GRAP) veulent relever le d\u00e9fi du respect des droits humains dans les centres de d\u00e9tention. Au cours d\u2019une c\u00e9r\u00e9monie de lancement des travaux du groupe, suivi d\u2019un panel, le samedi 11 mai dernier \u00e0 Ouagadougou, les acteurs ont expliqu\u00e9 que les objectifs du groupe s\u2019articulent autour de la promotion, de la protection et de la d\u00e9fense des droits des d\u00e9tenus. Pour le ministre des Droits humains et de la Promotion civique, Maminata Ouattara, marraine de la c\u00e9r\u00e9monie, le GRAP vient combler un vide associatif dans le secteur de la s\u00e9curit\u00e9 et des droits humains. Les recherches et les productions scientifiques que pr\u00f4ne le Groupe en vue de renforcer les droits humains sont, selon elle, d\u2019une utilit\u00e9 publique. \u00abLes questions de s\u00e9curit\u00e9, de droits humains et de prison sont des probl\u00e9matiques majeures auxquelles mon d\u00e9partement attache du prix\u00bb, a pr\u00e9cis\u00e9 Mme le ministre. Elle a donc exhort\u00e9 les acteurs \u00e0 maintenir le cap et les participants du panel \u00e0 suivre avec attention les expos\u00e9s et \u00e0 faire des recommandations au sortir des travaux. Pour le secr\u00e9taire ex\u00e9cutif du GRAP, Bob Zi\u00e9 Wilfrid Meda, sa structure est une initiative de professionnels qui interviennent dans les secteurs de la criminalit\u00e9, des droits humains et de la s\u00e9curit\u00e9.<\/p>\n<p>Orienter les politiques publiques<\/p>\n<p>Selon lui, il s\u2019agit, \u00e0 travers le GRAP, de \u00abs\u2019aventurer\u00bb dans le domaine de la recherche afin de faire des propositions, allant dans le sens de l\u2019am\u00e9lioration du niveau de respect des droits humains au Burkina Faso. Et d\u2019ajouter que les actions du Groupe pourront orienter les politiques publiques dans la lutte contre l\u2019ins\u00e9curit\u00e9 dans les prisons.<br \/>Le panel de lancement du GRAP a \u00e9t\u00e9 organis\u00e9 autour du th\u00e8me\u00a0: \u00abAdoption du nouveau code p\u00e9nal au Burkina Faso\u00a0: quelle contribution au respect des droits humains en milieu carc\u00e9ral\u00bb?\u00a0Autour de ce th\u00e8me central, des th\u00e9matiques secondaires relatives aux innovations contenues dans le nouveau code\u00a0p\u00e9nal et l\u2019impact de la politique p\u00e9nale sur celle p\u00e9nitentiaire ont \u00e9t\u00e9 d\u00e9velopp\u00e9es. Une s\u00e9rie d\u2019expos\u00e9s des praticiens du droit et des responsables de l\u2019administration p\u00e9nitentiaire qui devait permettre aux pan\u00e9listes de d\u00e9gager des strat\u00e9gies pour assainir la soci\u00e9t\u00e9 et promouvoir les droits humains en milieu carc\u00e9ral.<br \/>Le GRAP, selon ses initiateurs, est ouvert \u00e0 toute personne engag\u00e9e dans la promotion des droits humains et la lutte contre la criminalit\u00e9. Il se compose actuellement de magistrats, journalistes, personnels p\u00e9nitentiaires, m\u00e9decins, commissaires de polices, etc.<\/p>\n<p>Wanl\u00e9 G\u00e9rard COULIBALY<\/p>\n<div class=\"td-a-rec td-a-rec-id-content_bottom td_uid_31_5cd9e52e02698_rand td_block_template_1\"><img loading=\"lazy\" decoding=\"async\" class=\"alignright size-full wp-image-1724\" src=\"https:\/\/www.sidwaya.info\/wp-content\/uploads\/2018\/12\/sidwaya-pub.jpg\" alt=\"\" width=\"720\" height=\"90\"\/><\/div>\n<p>Auteur: BM. Sidwaya<br \/>\n<a href=\"https:\/\/www.sidwaya.info\/blog\/2019\/05\/13\/respect-des-droits-humains-en-milieu-carceral\/\">Cliquez ici pour lire l&rsquo;article depuis sa source.<\/a><\/p>\n","protected":false},"excerpt":{"rendered":"<p>Le Groupe de recherche et d\u2019action sur le p\u00e9nitentiaire (GRAP) a proc\u00e9d\u00e9, le samedi 11 mai 2019 \u00e0 Ouagadougou, au lancement de ses activit\u00e9s de d\u00e9fense et de promotion des droits humains en milieu carc\u00e9ral. Les membres du Groupe de recherche et d\u2019action sur le p\u00e9nitentiaire (GRAP) veulent relever le d\u00e9fi du respect des droits [&hellip;]<\/p>\n","protected":false},"author":1816,"featured_media":0,"comment_status":"closed","ping_status":"closed","sticky":false,"template":"","format":"standard","meta":{"fifu_image_url":"","fifu_image_alt":"","footnotes":""},"categories":[73,81],"tags":[],"class_list":["post-34141","post","type-post","status-publish","format-standard","hentry","category-actualite","category-burkina-faso"],"_links":{"self":[{"href":"https:\/\/linitiative.ca\/International\/wp-json\/wp\/v2\/posts\/34141","targetHints":{"allow":["GET"]}}],"collection":[{"href":"https:\/\/linitiative.ca\/International\/wp-json\/wp\/v2\/posts"}],"about":[{"href":"https:\/\/linitiative.ca\/International\/wp-json\/wp\/v2\/types\/post"}],"author":[{"embeddable":true,"href":"https:\/\/linitiative.ca\/International\/wp-json\/wp\/v2\/users\/1816"}],"replies":[{"embeddable":true,"href":"https:\/\/linitiative.ca\/International\/wp-json\/wp\/v2\/comments?post=34141"}],"version-history":[{"count":0,"href":"https:\/\/linitiative.ca\/International\/wp-json\/wp\/v2\/posts\/34141\/revisions"}],"wp:attachment":[{"href":"https:\/\/linitiative.ca\/International\/wp-json\/wp\/v2\/media?parent=34141"}],"wp:term":[{"taxonomy":"category","embeddable":true,"href":"https:\/\/linitiative.ca\/International\/wp-json\/wp\/v2\/categories?post=34141"},{"taxonomy":"post_tag","embeddable":true,"href":"https:\/\/linitiative.ca\/International\/wp-json\/wp\/v2\/tags?post=34141"}],"curies":[{"name":"wp","href":"https:\/\/api.w.org\/{rel}","templated":true}]}}