{"id":34151,"date":"2019-05-13T16:50:01","date_gmt":"2019-05-13T20:50:01","guid":{"rendered":"https:\/\/linitiative.ca\/International\/cameroun-situation-humanitaire-urgente-selon-lonu\/"},"modified":"2019-05-13T16:50:01","modified_gmt":"2019-05-13T20:50:01","slug":"cameroun-situation-humanitaire-urgente-selon-lonu","status":"publish","type":"post","link":"https:\/\/linitiative.ca\/International\/cameroun-situation-humanitaire-urgente-selon-lonu\/","title":{"rendered":"Cameroun: situation humanitaire \u00ab\u00a0urgente\u00a0\u00bb, selon l\u2019ONU"},"content":{"rendered":"<div readability=\"32\">\n<p>Publi\u00e9 le 13.05.2019 \u00e0 21h50 par AFP<\/p>\n<\/div>\n<div readability=\"89\">\n<p>Au Cameroun, \u00ab\u00a0il y a urgence\u00a0\u00bb \u00e0 accro\u00eetre l\u2019aide humanitaire et \u00e0 la financer, a d\u00e9clar\u00e9 lundi le secr\u00e9taire g\u00e9n\u00e9ral adjoint de l\u2019ONU pour les Affaires humanitaires Mark Lowcock, lors d\u2019une r\u00e9union informelle in\u00e9dite du Conseil de s\u00e9curit\u00e9 sur ce pays.<\/p>\n<p>\u00ab\u00a0Un Camerounais sur six a besoin d\u2019aide humanitaire, de protection\u00a0\u00bb, soit 4,3 millions de personnes, notamment des enfants et des femmes, a-t-il dit lors de cette session organis\u00e9e par les Etats-Unis en d\u00e9pit de l\u2019opposition de Yaound\u00e9 et des membres africains du Conseil.<\/p>\n<p>\u00ab\u00a0Huit r\u00e9gions sur les dix du pays sont touch\u00e9es par la crise humanitaire\u00a0\u00bb, a-t-il ajout\u00e9.<\/p>\n<p>Il s\u2019agit de la premi\u00e8re r\u00e9union du Conseil de s\u00e9curit\u00e9 sur ce dossier alors que les grandes puissances avaient privil\u00e9gi\u00e9 jusqu\u2019alors les pressions bilat\u00e9rales sur le pr\u00e9sident Paul Biya pour inverser le cours des choses.<\/p>\n<p>La crise a d\u00e9but\u00e9 en 2016 avec des revendications pour davantage de repr\u00e9sentativit\u00e9 anglophone dans ce pays \u00e0 majorit\u00e9 francophone, avec un retour au f\u00e9d\u00e9ralisme. Une minorit\u00e9 de contestataires r\u00e9clamait l\u2019ind\u00e9pendance et la proclamation d\u2019un nouvel Etat, l\u2019Ambazonie.<\/p>\n<p>Face \u00e0 l\u2019intransigeance de Yaound\u00e9 et \u00e0 la r\u00e9pression des manifestations pacifiques, le conflit s\u2019est durci. Fin 2017, une partie des s\u00e9paratistes a pris les armes et des combats les opposent depuis \u00e0 l\u2019arm\u00e9e.<\/p>\n<p><ins data-revive-zoneid=\"9\" data-revive-id=\"10111e19d28d19d031742ee3b0b33eb0\"\/> <\/p>\n<p>Aujourd\u2019hui, \u00ab\u00a0500.000 personnes sont des d\u00e9plac\u00e9s internes, la plupart restant cach\u00e9es dans des for\u00eats\u00a0\u00bb et \u00ab\u00a0plus de 600.000 enfants sont priv\u00e9s d\u2019\u00e9ducation\u00a0\u00bb dans les r\u00e9gions anglophones du nord et du sud concern\u00e9es, a pr\u00e9cis\u00e9 Mark Lowcock.<\/p>\n<p>Face \u00e0 la d\u00e9gradation de la situation humanitaire, \u00ab\u00a0nous avons besoin d\u2019une riposte plus globale\u00a0\u00bb, notamment de financement international, a-t-il soulign\u00e9. Les besoins sont de 300 millions de dollars mais seulement 38 millions ont \u00e9t\u00e9 mis \u00e0 disposition, a indiqu\u00e9 le responsable de l\u2019ONU.<\/p>\n<p>Selon le centre d\u2019analyses g\u00e9opolitiques International Crisis Group, en vingt mois le conflit a fait 1.850 morts.<\/p>\n<p>Le Nigeria accueille 35.000 r\u00e9fugi\u00e9s, pour la plupart des femmes et des enfants, selon l\u2019ONU.<\/p>\n<\/div>\n<p>Auteur: AFP<br \/>\n<a href=\"https:\/\/www.journalducameroun.com\/fr\/cameroun-situation-humanitaire-urgente-selon-lonu\/\">Cliquez ici pour lire l&rsquo;article depuis sa source.<\/a><\/p>\n","protected":false},"excerpt":{"rendered":"<p>Publi\u00e9 le 13.05.2019 \u00e0 21h50 par AFP Au Cameroun, \u00ab\u00a0il y a urgence\u00a0\u00bb \u00e0 accro\u00eetre l\u2019aide humanitaire et \u00e0 la financer, a d\u00e9clar\u00e9 lundi le secr\u00e9taire g\u00e9n\u00e9ral adjoint de l\u2019ONU pour les Affaires humanitaires Mark Lowcock, lors d\u2019une r\u00e9union informelle in\u00e9dite du Conseil de s\u00e9curit\u00e9 sur ce pays. \u00ab\u00a0Un Camerounais sur six a besoin d\u2019aide [&hellip;]<\/p>\n","protected":false},"author":1965,"featured_media":0,"comment_status":"closed","ping_status":"closed","sticky":false,"template":"","format":"standard","meta":{"fifu_image_url":"","fifu_image_alt":"","footnotes":""},"categories":[73,82],"tags":[],"class_list":["post-34151","post","type-post","status-publish","format-standard","hentry","category-actualite","category-cameroun"],"_links":{"self":[{"href":"https:\/\/linitiative.ca\/International\/wp-json\/wp\/v2\/posts\/34151","targetHints":{"allow":["GET"]}}],"collection":[{"href":"https:\/\/linitiative.ca\/International\/wp-json\/wp\/v2\/posts"}],"about":[{"href":"https:\/\/linitiative.ca\/International\/wp-json\/wp\/v2\/types\/post"}],"author":[{"embeddable":true,"href":"https:\/\/linitiative.ca\/International\/wp-json\/wp\/v2\/users\/1965"}],"replies":[{"embeddable":true,"href":"https:\/\/linitiative.ca\/International\/wp-json\/wp\/v2\/comments?post=34151"}],"version-history":[{"count":0,"href":"https:\/\/linitiative.ca\/International\/wp-json\/wp\/v2\/posts\/34151\/revisions"}],"wp:attachment":[{"href":"https:\/\/linitiative.ca\/International\/wp-json\/wp\/v2\/media?parent=34151"}],"wp:term":[{"taxonomy":"category","embeddable":true,"href":"https:\/\/linitiative.ca\/International\/wp-json\/wp\/v2\/categories?post=34151"},{"taxonomy":"post_tag","embeddable":true,"href":"https:\/\/linitiative.ca\/International\/wp-json\/wp\/v2\/tags?post=34151"}],"curies":[{"name":"wp","href":"https:\/\/api.w.org\/{rel}","templated":true}]}}