{"id":34179,"date":"2019-05-13T10:16:34","date_gmt":"2019-05-13T14:16:34","guid":{"rendered":"https:\/\/linitiative.ca\/International\/la-degringolade-economique-de-la-sodecoton-inquiete-les-acteurs-de-la-filiere\/"},"modified":"2019-05-13T10:16:34","modified_gmt":"2019-05-13T14:16:34","slug":"la-degringolade-economique-de-la-sodecoton-inquiete-les-acteurs-de-la-filiere","status":"publish","type":"post","link":"https:\/\/linitiative.ca\/International\/la-degringolade-economique-de-la-sodecoton-inquiete-les-acteurs-de-la-filiere\/","title":{"rendered":"La d\u00e9gringolade \u00e9conomique de la Sodecoton inqui\u00e8te les acteurs de la fili\u00e8re"},"content":{"rendered":"<div class=\"featured-area featured-area-inner\"><img loading=\"lazy\" decoding=\"async\" width=\"640\" height=\"351\" src=\"https:\/\/i1.wp.com\/ecomatin.net\/wp-content\/uploads\/2019\/05\/ecomatin.net-agriculture-la-degringolade-economique-de-la-sodecoton-inquiete-les-acteurs-de-la-filiere-sodecoton-ok.jpg?resize=640%2C351&#038;ssl=1&#038;is-pending-load=1\" class=\"attachment-jannah-image-post size-jannah-image-post wp-post-image jetpack-lazy-image\" alt=\"\" data-attachment-id=\"8111\" data-permalink=\"https:\/\/ecomatin.net\/agriculture-la-degringolade-economique-de-la-sodecoton-inquiete-les-acteurs-de-la-filiere\/sodecoton-ok\/\" data-orig-file=\"https:\/\/i1.wp.com\/ecomatin.net\/wp-content\/uploads\/2019\/05\/ecomatin.net-agriculture-la-degringolade-economique-de-la-sodecoton-inquiete-les-acteurs-de-la-filiere-sodecoton-ok.jpg?fit=640%2C351&#038;ssl=1\" data-orig-size=\"640,351\" data-comments-opened=\"0\" data-image-meta=\"{\"aperture\":\"0\",\"credit\":\"\",\"camera\":\"\",\"caption\":\"\",\"created_timestamp\":\"0\",\"copyright\":\"\",\"focal_length\":\"0\",\"iso\":\"0\",\"shutter_speed\":\"0\",\"title\":\"\",\"orientation\":\"0\"}\" data-image-title=\"Sodecoton ok\" data-image-description=\"\" data-medium-file=\"https:\/\/i1.wp.com\/ecomatin.net\/wp-content\/uploads\/2019\/05\/ecomatin.net-agriculture-la-degringolade-economique-de-la-sodecoton-inquiete-les-acteurs-de-la-filiere-sodecoton-ok.jpg?fit=300%2C165&#038;ssl=1\" data-large-file=\"https:\/\/i1.wp.com\/ecomatin.net\/wp-content\/uploads\/2019\/05\/ecomatin.net-agriculture-la-degringolade-economique-de-la-sodecoton-inquiete-les-acteurs-de-la-filiere-sodecoton-ok.jpg?fit=640%2C351&#038;ssl=1\" data-lazy-srcset=\"https:\/\/i1.wp.com\/ecomatin.net\/wp-content\/uploads\/2019\/05\/ecomatin.net-agriculture-la-degringolade-economique-de-la-sodecoton-inquiete-les-acteurs-de-la-filiere-sodecoton-ok.jpg?w=640&#038;ssl=1 640w, https:\/\/i1.wp.com\/ecomatin.net\/wp-content\/uploads\/2019\/05\/ecomatin.net-agriculture-la-degringolade-economique-de-la-sodecoton-inquiete-les-acteurs-de-la-filiere-sodecoton-ok.jpg?resize=300%2C165&#038;ssl=1 300w\" data-lazy-sizes=\"(max-width: 640px) 100vw, 640px\" srcset=\"data:image\/gif;base64,R0lGODlhAQABAIAAAAAAAP\/\/\/yH5BAEAAAAALAAAAAABAAEAAAIBRAA7\"\/><\/div>\n<div class=\"entry-content entry clearfix\" readability=\"67\">\n<p>Le recul des performances de la Soci\u00e9t\u00e9 de d\u00e9veloppement du coton (<strong>Sodecoton<\/strong>) a commenc\u00e9 ces derni\u00e8res ann\u00e9es et rien ne semble pouvoir l\u2019arr\u00eater. Tout le monde s\u2019en inqui\u00e8te. Les cabinets d\u2019\u00e9tudes. Les centres de recherches. Les bailleurs de fonds. Les industriels mais aussi les repr\u00e9sentants du gouvernement. Ils se sont r\u00e9unis r\u00e9cemment \u00e0 Yaound\u00e9\u00a0\u00a0au cours du troisi\u00e8me forum d\u2019\u00e9changes d\u2019experts sur la fili\u00e8re. Avec pour th\u00e8me\u00a0: \u00ab\u00a0<em>vers une strat\u00e9gie int\u00e9gr\u00e9e de l\u2019appui au secteur cotonnier camerounais<\/em>\u00a0\u00bb.<\/p>\n<p>En effet, la fili\u00e8re souffre de plusieurs maux.\u00a0\u00a0Le minist\u00e8re de l\u2019Economie de la planification et de l\u2019am\u00e9nagement du territoire (<strong>Minepat<\/strong>), qui a pris part aux \u00e9changes, regrette les pertes post r\u00e9coltes importantes dues notamment \u00e0 la mouille du coton, \u00e0 la d\u00e9pr\u00e9ciation des stocks et \u00e0 la m\u00e9vente des produits. Bien plus, le Minepat dit \u00eatre pr\u00e9occup\u00e9 par la v\u00e9tust\u00e9 des \u00e9quipements de transports, de stockage et de transformation. Au Cameroun l\u2019acc\u00e8s limit\u00e9 \u00e0 l\u2019\u00e9nergie \u00e9lectrique plombe l\u2019activit\u00e9 cotonni\u00e8re.<\/p>\n<p>Dans le souci de permettre le redressement de la fili\u00e8re coton, la Soci\u00e9t\u00e9 a besoin d\u2019un financement d\u2019au moins <strong>50 milliards de FCFA<\/strong>.\u00a0\u00a0Dans les d\u00e9tails, <strong>15,5 milliards FCFA<\/strong> vont servir \u00e0 r\u00e9habiliter et \u00e0 augmenter les capacit\u00e9s des usines d\u2019\u00e9grenages\u00a0\u00a0existantes. <strong>9,5 milliards FCFA<\/strong> seront destin\u00e9s \u00e0 am\u00e9liorer l\u2019installation d\u2019une 10<sup>i\u00e8me<\/sup>\u00a0usine d\u2019\u00e9grenage de <strong>45\u00a0000 tonnes<\/strong>. <strong>4,5 milliards<\/strong> permettront de moderniser et augmenter les capacit\u00e9s des huileries existantes. <strong>4 milliards FCFA<\/strong> contribueront \u00e0 renforcer et \u00e0 installer deux centrales solaires de <strong>15\u00a0000 Kwc<\/strong> \u00e0 Maroua et \u00e0 Garoua. La soci\u00e9t\u00e9 recherche enfin <strong>20 milliards FCFA<\/strong> pour l\u2019installation d\u2019une troisi\u00e8me huilerie modulable 300tonnes\/jours de graine de coton et 150 sojas.\u00a0\u00a0\u00c0 ce jour, seulement <strong>5 milliards FCFA<\/strong> sont en cours d\u2019investissement pour rentabiliser et augmenter les capacit\u00e9s des usines d\u2019engrenages existantes.<\/p>\n<p>Par ailleurs, les perspectives de la Sodecoton s\u2019annoncent avec beaucoup de d\u00e9fis. Selon les pr\u00e9visions de l\u2019Etat, la soci\u00e9t\u00e9 a l\u2019ambition d\u2019atteindre une production <strong>600\u00a0000 tonnes<\/strong> de coton par an d\u00e8s 2025 alors que la production actuellement stagne autour de <strong>300\u00a0000 tonnes<\/strong> depuis de nombreuses ann\u00e9es. Pour atteindre ce gap, apprend-on, il faut penser par exemple \u00e0 augmenter la surface cultivable en passante de <strong>60\u00a0000<\/strong> \u00e0 <strong>100\u00a0000 hectares<\/strong>. Ce qui n\u00e9cessite aussi <strong>23\u00a0000 producteurs<\/strong> sur les <strong>300<\/strong> actuellement autour de la Sodecoton. Le coton, fait vivre <strong>25%<\/strong> de la population du Grand-Nord avec environ 300\u00a0000 producteurs encadr\u00e9s et <strong>2 millions<\/strong> de personnes d\u00e9pendant de la chaine de valeur cotonni\u00e8re. La fili\u00e8re contribue \u00e0 pr\u00e8s de <strong>10%<\/strong> au PIB camerounais.<\/p>\n<div class=\"about-author about-author-box container-wrapper\">\n<div class=\"author-avatar\">\n<p><img decoding=\"async\" src=\"http:\/\/\" alt=\"\"\/><\/p>\n<\/div>\n<p><h4>La R\u00e9daction EcoMatin<\/h4>\n<\/p>\n<\/div>\n<div class=\"awac-wrapper awac widget blog_subscription-2\">\n<h4 class=\"widget-title\">Abonnez-vous \u00e0 notre lettre d&rsquo;information<\/h4>\n<\/div>\n<\/div>\n<div class=\"toggle-post-content clearfix\"><a id=\"toggle-post-button\" class=\"button\" href=\"#\">Afficher plus <\/a><\/div>\n<p>Auteur: EcoMatin<br \/>\n<a href=\"https:\/\/ecomatin.net\/agriculture-la-degringolade-economique-de-la-sodecoton-inquiete-les-acteurs-de-la-filiere\/\">Cliquez ici pour lire l&rsquo;article depuis sa source.<\/a><\/p>\n","protected":false},"excerpt":{"rendered":"<p>Le recul des performances de la Soci\u00e9t\u00e9 de d\u00e9veloppement du coton (Sodecoton) a commenc\u00e9 ces derni\u00e8res ann\u00e9es et rien ne semble pouvoir l\u2019arr\u00eater. Tout le monde s\u2019en inqui\u00e8te. Les cabinets d\u2019\u00e9tudes. Les centres de recherches. Les bailleurs de fonds. Les industriels mais aussi les repr\u00e9sentants du gouvernement. Ils se sont r\u00e9unis r\u00e9cemment \u00e0 Yaound\u00e9\u00a0\u00a0au cours [&hellip;]<\/p>\n","protected":false},"author":1969,"featured_media":0,"comment_status":"closed","ping_status":"closed","sticky":false,"template":"","format":"standard","meta":{"fifu_image_url":"","fifu_image_alt":"","footnotes":""},"categories":[82,78],"tags":[],"class_list":["post-34179","post","type-post","status-publish","format-standard","hentry","category-cameroun","category-economie"],"_links":{"self":[{"href":"https:\/\/linitiative.ca\/International\/wp-json\/wp\/v2\/posts\/34179","targetHints":{"allow":["GET"]}}],"collection":[{"href":"https:\/\/linitiative.ca\/International\/wp-json\/wp\/v2\/posts"}],"about":[{"href":"https:\/\/linitiative.ca\/International\/wp-json\/wp\/v2\/types\/post"}],"author":[{"embeddable":true,"href":"https:\/\/linitiative.ca\/International\/wp-json\/wp\/v2\/users\/1969"}],"replies":[{"embeddable":true,"href":"https:\/\/linitiative.ca\/International\/wp-json\/wp\/v2\/comments?post=34179"}],"version-history":[{"count":0,"href":"https:\/\/linitiative.ca\/International\/wp-json\/wp\/v2\/posts\/34179\/revisions"}],"wp:attachment":[{"href":"https:\/\/linitiative.ca\/International\/wp-json\/wp\/v2\/media?parent=34179"}],"wp:term":[{"taxonomy":"category","embeddable":true,"href":"https:\/\/linitiative.ca\/International\/wp-json\/wp\/v2\/categories?post=34179"},{"taxonomy":"post_tag","embeddable":true,"href":"https:\/\/linitiative.ca\/International\/wp-json\/wp\/v2\/tags?post=34179"}],"curies":[{"name":"wp","href":"https:\/\/api.w.org\/{rel}","templated":true}]}}