{"id":34198,"date":"2019-05-14T04:54:09","date_gmt":"2019-05-14T08:54:09","guid":{"rendered":"https:\/\/linitiative.ca\/International\/les-liquidites-se-rarefient-dans-le-pays-une-annee-morose-pour-les-banques-de-la-place\/"},"modified":"2019-05-14T04:54:09","modified_gmt":"2019-05-14T08:54:09","slug":"les-liquidites-se-rarefient-dans-le-pays-une-annee-morose-pour-les-banques-de-la-place","status":"publish","type":"post","link":"https:\/\/linitiative.ca\/International\/les-liquidites-se-rarefient-dans-le-pays-une-annee-morose-pour-les-banques-de-la-place\/","title":{"rendered":"Les liquidit\u00e9s se rar\u00e9fient dans le pays : Une ann\u00e9e morose pour les banques de la place"},"content":{"rendered":"<p>La Banque centrale de Tunisie (BCT) tente de faire passer un message qui n\u2019est pas encore clair et dont on ne conna\u00eet pas les finalit\u00e9s en annon\u00e7ant que 2019 sera une ann\u00e9e morose pour les banques de la place, \u00e0 cause de la raret\u00e9 des liquidit\u00e9s, selon le gouverneur de la BCT, Marouane Abassi.<\/p>\n<p>Lors d\u2019une s\u00e9ance d\u2019audition devant la commission de la l\u00e9gislation g\u00e9n\u00e9rale \u00e0 l\u2019Assembl\u00e9e des Repr\u00e9sentants du Peuple (ARP), consacr\u00e9e au suivi de l\u2019examen du projet de loi relatif aux garanties mobili\u00e8res, Abassi a pr\u00e9cis\u00e9 que durant les prochaines ann\u00e9es, les banques de la place s\u2019orienteront vers la cohabitation pour cr\u00e9er des institutions bancaires capables de contrecarrer la concurrence.<\/p>\n<p>Par ailleurs, il a fait savoir que la BCT va infliger des amendes \u00e0 un nombre de banques de la place qui n\u2019ont pas respect\u00e9 le syst\u00e8me bancaire qui les oblige \u00e0 fournir les donn\u00e9es demand\u00e9es par la BCT, outre des d\u00e9rives lors de l\u2019octroi des cr\u00e9dits.<\/p>\n<p>Abassi a soulign\u00e9 que le projet de loi relatif aux garanties mobili\u00e8res permettra de r\u00e9duire les risques auxquels s\u2019exposent les banques lors de l\u2019octroi des cr\u00e9dits, ce qui est de nature \u00e0 r\u00e9duire le recours des entreprises particuli\u00e8rement de petite et de moyenne taille au financement parall\u00e8le.<\/p>\n<p>La loi exige la cr\u00e9ation d\u2019un registre \u00e9lectronique pour les garanties mobili\u00e8res o\u00f9 tous les biens mobiliers seront enregistr\u00e9s par les entreprises sous forme de garanties. Le gouverneur de la BCT, a estim\u00e9 que le projet de loi comprend des concepts ambigus, proposant d\u2019inscrire ce registre dans le Registre national des entreprises, op\u00e9rationnel depuis le d\u00e9but de cette ann\u00e9e.<\/p>\n<p>R\u00e9pondant \u00e0 une question pos\u00e9e par la d\u00e9put\u00e9e Samia Abbou, concernant le recours de l\u2019Etat \u00e0 l\u2019endettement aupr\u00e8s des banques au lieu de s\u2019orienter directement vers la Banque Centrale de Tunisie (BCT), Abassi a pr\u00e9cis\u00e9 que \u00ab le fait de recourir \u00e0 la BCT nuira \u00e0 son ind\u00e9pendance \u00bb.<\/p>\n<p>Abbou avait estim\u00e9 que les banques sont entrain de r\u00e9aliser de grands b\u00e9n\u00e9fices, gr\u00e2ce \u00e0 l\u2019endettement de l\u2019Etat, \u00e9tant donn\u00e9 que les taux d\u2019int\u00e9r\u00eat appliqu\u00e9s sont \u00e9lev\u00e9s.<\/p>\n<p>\u00ab Partant, les institutions bancaires refusent d\u2019accorder des cr\u00e9dits aux PME \u00ab , a-t-elle ajout\u00e9, soulignant que la nouvelle loi ne permet pas de r\u00e9soudre le probl\u00e8me de l\u2019investissement en Tunisie.<\/p>\n<p>faouzi snoussi<\/p>\n<p class=\"dpsp-share-text\">Partager c&rsquo;est aimer!<\/p>\n<div class=\"wp-post-author-wrap wp-post-author-shortcode left\">\n<h3 class=\"awpa-title\"\/>\n<div class=\"wp-post-author\">\n<div class=\"awpa-img awpa-author-block square\"><a href=\"http:\/\/lexpertjournal.net\/fr\/author\/expert\/\"><img loading=\"lazy\" decoding=\"async\" alt=\"\" src=\"http:\/\/2.gravatar.com\/avatar\/56d99be2a6f97af88ccb49fada637fcd?s=150&#038;d=mm&#038;r=g\" srcset=\"http:\/\/2.gravatar.com\/avatar\/56d99be2a6f97af88ccb49fada637fcd?s=300&#038;d=mm&#038;r=g 2x\" class=\"avatar avatar-150 photo\" height=\"150\" width=\"150\"\/><\/a><\/div>\n<\/div>\n<\/div>\n<p>Auteur: L&rsquo;expert<br \/>\n<a href=\"http:\/\/lexpertjournal.net\/fr\/2019\/05\/14\/les-liquidites-se-rarefient-dans-le-pays-une-annee-morose-pour-les-banques-de-la-place\/\">Cliquez ici pour lire l&rsquo;article depuis sa source.<\/a><\/p>\n","protected":false},"excerpt":{"rendered":"<p>La Banque centrale de Tunisie (BCT) tente de faire passer un message qui n\u2019est pas encore clair et dont on ne conna\u00eet pas les finalit\u00e9s en annon\u00e7ant que 2019 sera une ann\u00e9e morose pour les banques de la place, \u00e0 cause de la raret\u00e9 des liquidit\u00e9s, selon le gouverneur de la BCT, Marouane Abassi. Lors [&hellip;]<\/p>\n","protected":false},"author":1775,"featured_media":0,"comment_status":"closed","ping_status":"closed","sticky":false,"template":"","format":"standard","meta":{"fifu_image_url":"","fifu_image_alt":"","footnotes":""},"categories":[78,55],"tags":[],"class_list":["post-34198","post","type-post","status-publish","format-standard","hentry","category-economie","category-tunisie"],"_links":{"self":[{"href":"https:\/\/linitiative.ca\/International\/wp-json\/wp\/v2\/posts\/34198","targetHints":{"allow":["GET"]}}],"collection":[{"href":"https:\/\/linitiative.ca\/International\/wp-json\/wp\/v2\/posts"}],"about":[{"href":"https:\/\/linitiative.ca\/International\/wp-json\/wp\/v2\/types\/post"}],"author":[{"embeddable":true,"href":"https:\/\/linitiative.ca\/International\/wp-json\/wp\/v2\/users\/1775"}],"replies":[{"embeddable":true,"href":"https:\/\/linitiative.ca\/International\/wp-json\/wp\/v2\/comments?post=34198"}],"version-history":[{"count":0,"href":"https:\/\/linitiative.ca\/International\/wp-json\/wp\/v2\/posts\/34198\/revisions"}],"wp:attachment":[{"href":"https:\/\/linitiative.ca\/International\/wp-json\/wp\/v2\/media?parent=34198"}],"wp:term":[{"taxonomy":"category","embeddable":true,"href":"https:\/\/linitiative.ca\/International\/wp-json\/wp\/v2\/categories?post=34198"},{"taxonomy":"post_tag","embeddable":true,"href":"https:\/\/linitiative.ca\/International\/wp-json\/wp\/v2\/tags?post=34198"}],"curies":[{"name":"wp","href":"https:\/\/api.w.org\/{rel}","templated":true}]}}