{"id":34200,"date":"2019-05-14T05:05:34","date_gmt":"2019-05-14T09:05:34","guid":{"rendered":"https:\/\/linitiative.ca\/International\/registre-national-des-entreprises-les-medecins-appeles-a-reporter-leur-inscription\/"},"modified":"2019-05-14T05:05:34","modified_gmt":"2019-05-14T09:05:34","slug":"registre-national-des-entreprises-les-medecins-appeles-a-reporter-leur-inscription","status":"publish","type":"post","link":"https:\/\/linitiative.ca\/International\/registre-national-des-entreprises-les-medecins-appeles-a-reporter-leur-inscription\/","title":{"rendered":"Registre national des entreprises : Les m\u00e9decins appel\u00e9s \u00e0 reporter leur inscription"},"content":{"rendered":"<p>Le conseil national de l\u2019ordre des m\u00e9decins a appel\u00e9, hier, tous ses adh\u00e9rents \u00e0 reporter leur inscription au Registre National des Entreprises (RNE) en attendant de recevoir des \u00e9claircissements \u00e0 ce sujet de la part de la pr\u00e9sidence du gouvernement.<\/p>\n<p>Dans un communiqu\u00e9, l\u2019Ordre des m\u00e9decins a \u00e9mis des r\u00e9serves sur la loi 52 de l\u2019ann\u00e9e 2018 relative au RNE, connu pr\u00e9c\u00e9demment sous le nom de \u00ab Registre du commerce \u00ab .<\/p>\n<p>L\u2019ordre des m\u00e9decins a soulign\u00e9 qu\u2019il n\u2019a pas \u00e9t\u00e9 associ\u00e9 \u00e0 l\u2019\u00e9laboration de cette loi, estimant qu\u2019elle n\u2019a aucun rapport avec la m\u00e9decine \u00bb, dans la mesure o\u00f9 \u00ab le m\u00e9tier de m\u00e9decin n\u2019est pas commercial et ne b\u00e9n\u00e9ficie pas des avantages octroy\u00e9s par la loi aux commer\u00e7ants \u00bb, selon le communiqu\u00e9 qui ajoute que le Conseil national de l\u2019ordre des m\u00e9decins s\u2019est dit \u00e9tonn\u00e9 de la non-publication des textes d\u2019application de la loi relative au RNE, malgr\u00e9 sa promulgation depuis le 29 octobre 2018.<\/p>\n<p>Le conseil national a affirm\u00e9 qu\u2019il n\u2019y avait aucun int\u00e9r\u00eat \u00e0 imposer aux m\u00e9decins un identifiant suppl\u00e9mentaire pour les actes d\u2019inscription au conseil national aupr\u00e8s des recettes des finances, des caisses de s\u00e9curit\u00e9 sociale et de la Caisse nationale d\u2019assurance maladie (CNAM).<\/p>\n<p>A noter que, le Registre National des Entreprises (RNE) a \u00e9t\u00e9 cr\u00e9\u00e9 en vertu de la loi 52 de l\u2019ann\u00e9e 2018. Il est entr\u00e9 en application depuis le 7 f\u00e9vrier 2019, en tant qu\u2019\u00e9tablissement public \u00e0 caract\u00e8re non administratif op\u00e9rant sous l\u2019\u00e9gide de la Pr\u00e9sidence du gouvernement.<\/p>\n<p>Il vise \u00e0 am\u00e9liorer la transparence des transactions \u00e9conomiques et financi\u00e8res en collectant des informations et des donn\u00e9es relatives aux personnes physiques et morales et aux constructions juridiques actives dans le domaine \u00e9conomique et aux associations afin de les conserver et de les mettre \u00e0 la disposition du public et des \u00e9tablissements de l\u2019Etat.<\/p>\n<p>Faouzi Snoussi<\/p>\n<p class=\"dpsp-share-text\">Partager c&rsquo;est aimer!<\/p>\n<div class=\"wp-post-author-wrap wp-post-author-shortcode left\">\n<h3 class=\"awpa-title\"\/>\n<div class=\"wp-post-author\">\n<div class=\"awpa-img awpa-author-block square\"><a href=\"http:\/\/lexpertjournal.net\/fr\/author\/expert\/\"><img loading=\"lazy\" decoding=\"async\" alt=\"\" src=\"http:\/\/2.gravatar.com\/avatar\/56d99be2a6f97af88ccb49fada637fcd?s=150&#038;d=mm&#038;r=g\" srcset=\"http:\/\/2.gravatar.com\/avatar\/56d99be2a6f97af88ccb49fada637fcd?s=300&#038;d=mm&#038;r=g 2x\" class=\"avatar avatar-150 photo\" height=\"150\" width=\"150\"\/><\/a><\/div>\n<\/div>\n<\/div>\n<p>Auteur: L&rsquo;expert<br \/>\n<a href=\"http:\/\/lexpertjournal.net\/fr\/2019\/05\/14\/registre-national-des-entreprises-les-medecins-appeles-a-reporter-leur-inscription\/\">Cliquez ici pour lire l&rsquo;article depuis sa source.<\/a><\/p>\n","protected":false},"excerpt":{"rendered":"<p>Le conseil national de l\u2019ordre des m\u00e9decins a appel\u00e9, hier, tous ses adh\u00e9rents \u00e0 reporter leur inscription au Registre National des Entreprises (RNE) en attendant de recevoir des \u00e9claircissements \u00e0 ce sujet de la part de la pr\u00e9sidence du gouvernement. Dans un communiqu\u00e9, l\u2019Ordre des m\u00e9decins a \u00e9mis des r\u00e9serves sur la loi 52 de [&hellip;]<\/p>\n","protected":false},"author":1775,"featured_media":0,"comment_status":"closed","ping_status":"closed","sticky":false,"template":"","format":"standard","meta":{"fifu_image_url":"","fifu_image_alt":"","footnotes":""},"categories":[78,55],"tags":[],"class_list":["post-34200","post","type-post","status-publish","format-standard","hentry","category-economie","category-tunisie"],"_links":{"self":[{"href":"https:\/\/linitiative.ca\/International\/wp-json\/wp\/v2\/posts\/34200","targetHints":{"allow":["GET"]}}],"collection":[{"href":"https:\/\/linitiative.ca\/International\/wp-json\/wp\/v2\/posts"}],"about":[{"href":"https:\/\/linitiative.ca\/International\/wp-json\/wp\/v2\/types\/post"}],"author":[{"embeddable":true,"href":"https:\/\/linitiative.ca\/International\/wp-json\/wp\/v2\/users\/1775"}],"replies":[{"embeddable":true,"href":"https:\/\/linitiative.ca\/International\/wp-json\/wp\/v2\/comments?post=34200"}],"version-history":[{"count":0,"href":"https:\/\/linitiative.ca\/International\/wp-json\/wp\/v2\/posts\/34200\/revisions"}],"wp:attachment":[{"href":"https:\/\/linitiative.ca\/International\/wp-json\/wp\/v2\/media?parent=34200"}],"wp:term":[{"taxonomy":"category","embeddable":true,"href":"https:\/\/linitiative.ca\/International\/wp-json\/wp\/v2\/categories?post=34200"},{"taxonomy":"post_tag","embeddable":true,"href":"https:\/\/linitiative.ca\/International\/wp-json\/wp\/v2\/tags?post=34200"}],"curies":[{"name":"wp","href":"https:\/\/api.w.org\/{rel}","templated":true}]}}