{"id":34201,"date":"2019-05-14T05:07:41","date_gmt":"2019-05-14T09:07:41","guid":{"rendered":"https:\/\/linitiative.ca\/International\/epineux-dossier-libyen-la-tunisie-appelle-au-retablissement-de-la-securite-et-la-stabilite\/"},"modified":"2019-05-14T05:07:41","modified_gmt":"2019-05-14T09:07:41","slug":"epineux-dossier-libyen-la-tunisie-appelle-au-retablissement-de-la-securite-et-la-stabilite","status":"publish","type":"post","link":"https:\/\/linitiative.ca\/International\/epineux-dossier-libyen-la-tunisie-appelle-au-retablissement-de-la-securite-et-la-stabilite\/","title":{"rendered":"Epineux dossier libyen : La Tunisie appelle au r\u00e9tablissement de la s\u00e9curit\u00e9 et la stabilit\u00e9"},"content":{"rendered":"<p>Le pr\u00e9sident de la R\u00e9publique, B\u00e9ji Ca\u00efd Essebsi, a d\u00e9clar\u00e9 que \u00ab la Tunisie n\u2019a aucun agenda en Libye, sauf le retour de l\u2019entente, de la s\u00e9curit\u00e9 et de la stabilit\u00e9 \u00bb dans ce pays.<\/p>\n<p>La Tunisie se tient \u00e0 \u00e9gale distance de toutes les parties, a-t-il pr\u00e9cis\u00e9, lundi, lors de son entretien avec le ministre des Affaires \u00e9trang\u00e8res, Kh\u00e9maies Jhinaoui.<\/p>\n<p>Le chef de l\u2019Etat a, \u00e0 cette occasion, exprim\u00e9 la profonde pr\u00e9occupation de la Tunisie envers la situation en Libye, appelant les Libyens \u00e0 \u00ab arr\u00eater les combats et reprendre le dialogue \u00bb.<\/p>\n<p>Il les a exhort\u00e9s \u00e0 \u00ab faire pr\u00e9valoir l\u2019int\u00e9r\u00eat supr\u00eame de leur pays et \u00e0 le placer au-dessus de toute autre consid\u00e9ration \u00bb.<\/p>\n<p>L\u2019int\u00e9r\u00eat de la Tunisieserait que \u00ab la Libye reprenne sa place naturelle et pr\u00e9serve son unit\u00e9 \u00bb.<\/p>\n<p>Faouzi Snoussi<\/p>\n<p class=\"dpsp-share-text\">Partager c&rsquo;est aimer!<\/p>\n<div class=\"wp-post-author-wrap wp-post-author-shortcode left\">\n<h3 class=\"awpa-title\"\/>\n<div class=\"wp-post-author\">\n<div class=\"awpa-img awpa-author-block square\"><a href=\"http:\/\/lexpertjournal.net\/fr\/author\/expert\/\"><img loading=\"lazy\" decoding=\"async\" alt=\"\" src=\"http:\/\/2.gravatar.com\/avatar\/56d99be2a6f97af88ccb49fada637fcd?s=150&#038;d=mm&#038;r=g\" srcset=\"http:\/\/2.gravatar.com\/avatar\/56d99be2a6f97af88ccb49fada637fcd?s=300&#038;d=mm&#038;r=g 2x\" class=\"avatar avatar-150 photo\" height=\"150\" width=\"150\"\/><\/a><\/div>\n<\/div>\n<\/div>\n<p>Auteur: L&rsquo;expert<br \/>\n<a href=\"http:\/\/lexpertjournal.net\/fr\/2019\/05\/14\/epineux-dossier-libyen-la-tunisie-appelle-au-retablissement-de-la-securite-et-la-stabilite\/\">Cliquez ici pour lire l&rsquo;article depuis sa source.<\/a><\/p>\n","protected":false},"excerpt":{"rendered":"<p>Le pr\u00e9sident de la R\u00e9publique, B\u00e9ji Ca\u00efd Essebsi, a d\u00e9clar\u00e9 que \u00ab la Tunisie n\u2019a aucun agenda en Libye, sauf le retour de l\u2019entente, de la s\u00e9curit\u00e9 et de la stabilit\u00e9 \u00bb dans ce pays. La Tunisie se tient \u00e0 \u00e9gale distance de toutes les parties, a-t-il pr\u00e9cis\u00e9, lundi, lors de son entretien avec le [&hellip;]<\/p>\n","protected":false},"author":1775,"featured_media":0,"comment_status":"closed","ping_status":"closed","sticky":false,"template":"","format":"standard","meta":{"fifu_image_url":"","fifu_image_alt":"","footnotes":""},"categories":[78,55],"tags":[],"class_list":["post-34201","post","type-post","status-publish","format-standard","hentry","category-economie","category-tunisie"],"_links":{"self":[{"href":"https:\/\/linitiative.ca\/International\/wp-json\/wp\/v2\/posts\/34201","targetHints":{"allow":["GET"]}}],"collection":[{"href":"https:\/\/linitiative.ca\/International\/wp-json\/wp\/v2\/posts"}],"about":[{"href":"https:\/\/linitiative.ca\/International\/wp-json\/wp\/v2\/types\/post"}],"author":[{"embeddable":true,"href":"https:\/\/linitiative.ca\/International\/wp-json\/wp\/v2\/users\/1775"}],"replies":[{"embeddable":true,"href":"https:\/\/linitiative.ca\/International\/wp-json\/wp\/v2\/comments?post=34201"}],"version-history":[{"count":0,"href":"https:\/\/linitiative.ca\/International\/wp-json\/wp\/v2\/posts\/34201\/revisions"}],"wp:attachment":[{"href":"https:\/\/linitiative.ca\/International\/wp-json\/wp\/v2\/media?parent=34201"}],"wp:term":[{"taxonomy":"category","embeddable":true,"href":"https:\/\/linitiative.ca\/International\/wp-json\/wp\/v2\/categories?post=34201"},{"taxonomy":"post_tag","embeddable":true,"href":"https:\/\/linitiative.ca\/International\/wp-json\/wp\/v2\/tags?post=34201"}],"curies":[{"name":"wp","href":"https:\/\/api.w.org\/{rel}","templated":true}]}}