{"id":34202,"date":"2019-05-14T05:10:03","date_gmt":"2019-05-14T09:10:03","guid":{"rendered":"https:\/\/linitiative.ca\/International\/soiree-de-beja-a-la-cite-de-la-culture-le-grenier-de-rome-avec-ses-plus-bels-atours\/"},"modified":"2019-05-14T05:10:03","modified_gmt":"2019-05-14T09:10:03","slug":"soiree-de-beja-a-la-cite-de-la-culture-le-grenier-de-rome-avec-ses-plus-bels-atours","status":"publish","type":"post","link":"https:\/\/linitiative.ca\/International\/soiree-de-beja-a-la-cite-de-la-culture-le-grenier-de-rome-avec-ses-plus-bels-atours\/","title":{"rendered":"Soir\u00e9e de B\u00e9ja \u00e0 la Cit\u00e9 de la Culture : Le Grenier de Rome avec ses plus bels atours"},"content":{"rendered":"<p>B\u00e9ja a investi, samedi soir, 11 mai 2019, les espaces de la Cit\u00e9 de la culture \u00e0 Tunis pour une d\u00e9monstration de la grande richesse patrimoniale de cette r\u00e9gion du Nord-Ouest tunisien.<\/p>\n<p>L\u2019\u00e9v\u00e8nement s\u2019inscrit dans le cadre de la manifestation \u00ab Les Cit\u00e9s des Arts \u00e0 la Cit\u00e9 de la culture \u00bb et rend un hommage \u00e0 cette r\u00e9gion connue par la fertilit\u00e9 et la grande productivit\u00e9 de son sol ce qui avait fait d\u2019elle, des si\u00e8cles durant, le grenier de Rome.<\/p>\n<p>L\u2019h\u00f4te de la Cit\u00e9 a offert un large \u00e9ventail de ses ressources agricoles, de son patrimoine mat\u00e9riel et immat\u00e9riel qui fonde sa singularit\u00e9, et de son artisanat jalousement conserv\u00e9 par les g\u00e9n\u00e9rations successives. Devant l\u2019entr\u00e9e principale de la Cit\u00e9, ont \u00e9t\u00e9 pr\u00e9sent\u00e9s des spectacles de danse et de chants populaires au rythme de la musique traditionnelle des troupes folkloriques. Les cavaliers de Nefza et de B\u00e9ja ont fascin\u00e9 les petits et les grands par leur dext\u00e9rit\u00e9, courage et fiert\u00e9.<\/p>\n<p>Au hall central de la Cit\u00e9 se tenaient des expositions de cr\u00e9ations de tout genre, du tissage, \u00e0 la tannerie et maroquinerie, de la p\u00e2tisserie \u00e0 l\u2019orf\u00e8vrerie. Les fameux et incontournables g\u00e2teaux ramadhanesques typiques \u00e0 B\u00e9ja \u00e9taient bien pr\u00e9sents, en plus de la fromagerie, une autre fiert\u00e9 de la r\u00e9gion.<\/p>\n<p>Le programme proposait, par ailleurs, une soir\u00e9e po\u00e9tique avec le po\u00e8te Taieb Hammami, une pi\u00e8ce de th\u00e9\u00e2tre intitul\u00e9e \u00ab Pinocchio \u00bb, production de la maison de culture Mejez El Bab et un spectacle de la troupe Chikha de Testour.<\/p>\n<p>La manifestation a \u00e9t\u00e9 \u00e9galement un moment qui revient sur la production \u00e9ditoriale des intellectuels, \u00e9crivains et artistes cr\u00e9ateurs issus de la r\u00e9gion.<\/p>\n<p>La soir\u00e9e a enregistr\u00e9 la pr\u00e9sence de Mohamed Zine El Abidine, ministre des Affaires Culturelles et Slim Tissaoui, Gouverneur de B\u00e9ja, en plus de personnalit\u00e9s politiques, syndicales, m\u00e9diatiques et artistiques dont beaucoup sont originaires de cette r\u00e9gion. Pour ne citer que Mohamed Ali Boughdiri, secr\u00e9taire g\u00e9n\u00e9ral-adjoint de l\u2019UGTT, Ely\u00e8s Mnakbi, pr\u00e9sident directeur g\u00e9n\u00e9ral de Tunisair et les artistes Noureddine El B\u00e9ji, Zouhe\u00efra Salem et Adnane Chaouachi, parmi tant d\u2019autres.<\/p>\n<p>Faouzi snoussi<\/p>\n<p class=\"dpsp-share-text\">Partager c&rsquo;est aimer!<\/p>\n<div class=\"wp-post-author-wrap wp-post-author-shortcode left\">\n<h3 class=\"awpa-title\"\/>\n<div class=\"wp-post-author\">\n<div class=\"awpa-img awpa-author-block square\"><a href=\"http:\/\/lexpertjournal.net\/fr\/author\/expert\/\"><img loading=\"lazy\" decoding=\"async\" alt=\"\" src=\"http:\/\/2.gravatar.com\/avatar\/56d99be2a6f97af88ccb49fada637fcd?s=150&#038;d=mm&#038;r=g\" srcset=\"http:\/\/2.gravatar.com\/avatar\/56d99be2a6f97af88ccb49fada637fcd?s=300&#038;d=mm&#038;r=g 2x\" class=\"avatar avatar-150 photo\" height=\"150\" width=\"150\"\/><\/a><\/div>\n<\/div>\n<\/div>\n<p>Auteur: L&rsquo;expert<br \/>\n<a href=\"http:\/\/lexpertjournal.net\/fr\/2019\/05\/14\/soiree-de-beja-a-la-cite-de-la-culture-le-grenier-de-rome-avec-ses-plus-bels-atours\/\">Cliquez ici pour lire l&rsquo;article depuis sa source.<\/a><\/p>\n","protected":false},"excerpt":{"rendered":"<p>B\u00e9ja a investi, samedi soir, 11 mai 2019, les espaces de la Cit\u00e9 de la culture \u00e0 Tunis pour une d\u00e9monstration de la grande richesse patrimoniale de cette r\u00e9gion du Nord-Ouest tunisien. L\u2019\u00e9v\u00e8nement s\u2019inscrit dans le cadre de la manifestation \u00ab Les Cit\u00e9s des Arts \u00e0 la Cit\u00e9 de la culture \u00bb et rend un [&hellip;]<\/p>\n","protected":false},"author":1775,"featured_media":0,"comment_status":"closed","ping_status":"closed","sticky":false,"template":"","format":"standard","meta":{"fifu_image_url":"","fifu_image_alt":"","footnotes":""},"categories":[78,55],"tags":[],"class_list":["post-34202","post","type-post","status-publish","format-standard","hentry","category-economie","category-tunisie"],"_links":{"self":[{"href":"https:\/\/linitiative.ca\/International\/wp-json\/wp\/v2\/posts\/34202","targetHints":{"allow":["GET"]}}],"collection":[{"href":"https:\/\/linitiative.ca\/International\/wp-json\/wp\/v2\/posts"}],"about":[{"href":"https:\/\/linitiative.ca\/International\/wp-json\/wp\/v2\/types\/post"}],"author":[{"embeddable":true,"href":"https:\/\/linitiative.ca\/International\/wp-json\/wp\/v2\/users\/1775"}],"replies":[{"embeddable":true,"href":"https:\/\/linitiative.ca\/International\/wp-json\/wp\/v2\/comments?post=34202"}],"version-history":[{"count":0,"href":"https:\/\/linitiative.ca\/International\/wp-json\/wp\/v2\/posts\/34202\/revisions"}],"wp:attachment":[{"href":"https:\/\/linitiative.ca\/International\/wp-json\/wp\/v2\/media?parent=34202"}],"wp:term":[{"taxonomy":"category","embeddable":true,"href":"https:\/\/linitiative.ca\/International\/wp-json\/wp\/v2\/categories?post=34202"},{"taxonomy":"post_tag","embeddable":true,"href":"https:\/\/linitiative.ca\/International\/wp-json\/wp\/v2\/tags?post=34202"}],"curies":[{"name":"wp","href":"https:\/\/api.w.org\/{rel}","templated":true}]}}