{"id":34204,"date":"2019-05-14T13:04:14","date_gmt":"2019-05-14T17:04:14","guid":{"rendered":"https:\/\/linitiative.ca\/International\/deces-dabdelhafid-idres-auteur-du-grand-dictionnaire-francais-tamazight\/"},"modified":"2019-05-14T13:04:14","modified_gmt":"2019-05-14T17:04:14","slug":"deces-dabdelhafid-idres-auteur-du-grand-dictionnaire-francais-tamazight","status":"publish","type":"post","link":"https:\/\/linitiative.ca\/International\/deces-dabdelhafid-idres-auteur-du-grand-dictionnaire-francais-tamazight\/","title":{"rendered":"D\u00e9c\u00e8s d&rsquo;Abdelhafid Idres, auteur du \u00ab\u00a0Grand dictionnaire Fran\u00e7ais-Tamazight\u00a0\u00bb"},"content":{"rendered":"<div>\n<div class=\"K2FeedImage\"><img decoding=\"async\" src=\"http:\/\/www.aps.dz\/media\/k2\/items\/cache\/f4ce0df2c23b093d956bd8559a814bdd_S.jpg\" alt=\"D\u00e9c\u00e8s d'Abdelhafid Idres, auteur du \" grand dictionnaire fran><\/div>\n<div class=\"K2FeedIntroText\">\n<p><strong>ALGER &#8211; Le chercheur ind\u00e9pendant, Abdelhafid Idres, auteur notamment du \u00ab\u00a0Grand dictionnaire Fran\u00e7ais-Tamazight\u00a0\u00bb est d\u00e9c\u00e9d\u00e9 lundi soir \u00e0 B\u00e9ja\u00efa \u00e0 l&rsquo;\u00e2ge de 73 ans, ont annonc\u00e9 dans la soir\u00e9e ses proches.<\/strong><\/p>\n<\/div>\n<div class=\"K2FeedFullText\">\n<p>La lev\u00e9e du corps aura lieu ce mardi dans la localit\u00e9 de Timanachine dans la commune de Boukhlifa \u00e0 12h00, a-t-on pr\u00e9cis\u00e9 de m\u00eame source.<\/p>\n<p>Le \u00ab\u00a0Grand dictionnaire Fran\u00e7ais-Tamazight\u00a0\u00bb d\u2019Abdelhafid Idres, publi\u00e9 en 2017 par\u00a0 le Haut commissariat \u00e0 l\u2019amazighit\u00e9 (HCA) en collaboration avec l&rsquo;Entreprise nationale des arts graphiques (ENAG), repr\u00e9sente une ressource lexicographique et terminologique pr\u00e9cieuse riche de 65.000 mots \u00e0 travers 2000 pages.<\/p>\n<p>L&rsquo;ouvrage est le fruit de plusieurs ann\u00e9es d\u2019efforts et de recherche, durant lesquelles Abdelhafid Idres a collabor\u00e9 avec un grand nombre de chercheurs dans le champ linguistique amazigh, dont le linguiste Yacine Zidane du D\u00e9partement de langue amazighe de l\u2019Universit\u00e9 de Tizi-Ouzou, pour la collecte du plus grand nombre possible de mots attest\u00e9s dans sa r\u00e9gion natale, la Kabylie.<\/p>\n<p>En plus d\u2019un nombre important d\u2019unit\u00e9s lexicales collect\u00e9es sur le terrain, le dictionnaire est bas\u00e9 sur une riche bibliographie dictionnairique couvrant pratiquement tous les principaux dialectes amazighs dont entre autres, le Chaoui, Kabyle, Rifain, Chleuh, Touareg, etc.<\/p>\n<\/div>\n<\/div>\n<p>Auteur:<br \/>\n<a href=\"http:\/\/www.aps.dz\/culture\/89393-deces-d-abdelhafid-idres-auteur-du-grand-dictionnaire-francais-tamazight\">Cliquez ici pour lire l&rsquo;article depuis sa source.<\/a><\/p>\n","protected":false},"excerpt":{"rendered":"<p>ALGER &#8211; Le chercheur ind\u00e9pendant, Abdelhafid Idres, auteur notamment du \u00ab\u00a0Grand dictionnaire Fran\u00e7ais-Tamazight\u00a0\u00bb est d\u00e9c\u00e9d\u00e9 lundi soir \u00e0 B\u00e9ja\u00efa \u00e0 l&rsquo;\u00e2ge de 73 ans, ont annonc\u00e9 dans la soir\u00e9e ses proches. La lev\u00e9e du corps aura lieu ce mardi dans la localit\u00e9 de Timanachine dans la commune de Boukhlifa \u00e0 12h00, a-t-on pr\u00e9cis\u00e9 de m\u00eame [&hellip;]<\/p>\n","protected":false},"author":1790,"featured_media":34205,"comment_status":"closed","ping_status":"closed","sticky":false,"template":"","format":"standard","meta":{"fifu_image_url":"","fifu_image_alt":"","footnotes":""},"categories":[53,79],"tags":[],"class_list":["post-34204","post","type-post","status-publish","format-standard","has-post-thumbnail","hentry","category-algerie","category-culture"],"_links":{"self":[{"href":"https:\/\/linitiative.ca\/International\/wp-json\/wp\/v2\/posts\/34204","targetHints":{"allow":["GET"]}}],"collection":[{"href":"https:\/\/linitiative.ca\/International\/wp-json\/wp\/v2\/posts"}],"about":[{"href":"https:\/\/linitiative.ca\/International\/wp-json\/wp\/v2\/types\/post"}],"author":[{"embeddable":true,"href":"https:\/\/linitiative.ca\/International\/wp-json\/wp\/v2\/users\/1790"}],"replies":[{"embeddable":true,"href":"https:\/\/linitiative.ca\/International\/wp-json\/wp\/v2\/comments?post=34204"}],"version-history":[{"count":0,"href":"https:\/\/linitiative.ca\/International\/wp-json\/wp\/v2\/posts\/34204\/revisions"}],"wp:featuredmedia":[{"embeddable":true,"href":"https:\/\/linitiative.ca\/International\/wp-json\/"}],"wp:attachment":[{"href":"https:\/\/linitiative.ca\/International\/wp-json\/wp\/v2\/media?parent=34204"}],"wp:term":[{"taxonomy":"category","embeddable":true,"href":"https:\/\/linitiative.ca\/International\/wp-json\/wp\/v2\/categories?post=34204"},{"taxonomy":"post_tag","embeddable":true,"href":"https:\/\/linitiative.ca\/International\/wp-json\/wp\/v2\/tags?post=34204"}],"curies":[{"name":"wp","href":"https:\/\/api.w.org\/{rel}","templated":true}]}}