{"id":34206,"date":"2019-05-14T13:04:18","date_gmt":"2019-05-14T17:04:18","guid":{"rendered":"https:\/\/linitiative.ca\/International\/la-chanteuse-narjess-mise-a-lhonneur-par-londa-a-alger\/"},"modified":"2019-05-14T13:04:18","modified_gmt":"2019-05-14T17:04:18","slug":"la-chanteuse-narjess-mise-a-lhonneur-par-londa-a-alger","status":"publish","type":"post","link":"https:\/\/linitiative.ca\/International\/la-chanteuse-narjess-mise-a-lhonneur-par-londa-a-alger\/","title":{"rendered":"La chanteuse Narjess mise \u00e0 l&rsquo;honneur par l\u2019Onda \u00e0 Alger"},"content":{"rendered":"<div>\n<div class=\"K2FeedImage\"><img decoding=\"async\" src=\"http:\/\/www.aps.dz\/media\/k2\/items\/cache\/21e55c26c218239a79cda393f437d9bc_S.jpg\" alt=\"La chanteuse Narjess mise \u00e0 l'honneur par l\u2019Onda \u00e0 Alger\"><\/div>\n<div class=\"K2FeedIntroText\">\n<p><strong>ALGER &#8211; Un vibrant hommage a \u00e9t\u00e9 rendu lundi soir \u00e0 Alger, \u00e0 Narjess, ic\u00f4ne de la chanson alg\u00e9roise hawzie-cha\u00e2bie, par l\u2019Office national des droits d\u2019auteurs et droits voisins (Onda), devant un public relativement nombreux.<\/strong><\/p>\n<\/div>\n<div class=\"K2FeedFullText\">\n<p>Annonc\u00e9e comme \u00ab\u00a0digne h\u00e9riti\u00e8re de Fadh\u00e9la Dziria et Meriem Fekka\u00ef\u00a0\u00bb, Narjess est apparue en tenue traditionnelle, sur la sc\u00e8ne du Th\u00e9\u00e2tre national Mahieddine-Bachtarzi (Tna) sous les applaudissements et les youyous d\u2019un public qui s\u2019est lev\u00e9 pour \u00ab\u00a0accueillir son idole\u00a0\u00bb.<\/p>\n<p>Rejoignant son si\u00e8ge \u00e0 la premi\u00e8re rang\u00e9e, entre les directeurs, de l\u2019Onda Samy El Hocine Bencheikh et du Tna, Mohamed Yahiaoui, la grande chanteuse alg\u00e9roise a pu appr\u00e9cier un programme d\u2019une centaine de minutes, \u00ab\u00a0taill\u00e9 sur mesure\u00a0\u00bb, de l\u2019avis d\u2019une spectatrice.<\/p>\n<p>Un documentaire d\u2019une dizaine de minutes, r\u00e9alis\u00e9 par le d\u00e9partement audio-visuel de l\u2019Onda a \u00e9t\u00e9 projet\u00e9, retra\u00e7ant, avec des extraits de chansons uniquement, le parcours artistique de Narjess depuis ses d\u00e9buts et ses premiers succ\u00e8s durant les ann\u00e9es 1970, jusqu\u2019\u00e0 sa confirmation qui lui vaudra le respect de tout le public alg\u00e9rien.<\/p>\n<p>Une compilation de quatre CD, intitul\u00e9 \u00ab\u00a0Narjess chante Fadh\u00e9la Dziria et Meriem Fekka\u00ef\u00a0\u00bb, accompagn\u00e9e d\u2019un livret, produite par l\u2019Onda, a ensuite \u00e9t\u00e9 pr\u00e9sent\u00e9e au public, avant de laisser la sc\u00e8ne au jeune Orchestre, \u00ab\u00a0Ahl El Fen\u00a0\u00bb dirig\u00e9 par Nesrine Bourahla, \u00e9galement pr\u00e9sidente de l&rsquo;Association culturelle \u00e9ponyme de musique andalouse, de th\u00e9\u00e2tre et de danses traditionnelles.<\/p>\n<hr>\n<p><em><strong>Lire aussi:\u00a0<\/strong><\/em><a href=\"http:\/\/www.aps.dz\/culture\/89374-20e-festival-culturel-europeen-bonne-prestation-du-trio-suedois-hof\">20e Festival culturel europ\u00e9en: bonne prestation du trio su\u00e9dois \u00ab\u00a0HOF\u00a0\u00bb<\/a><\/p>\n<hr>\n<p>Des chants hawzis et des M\u2019dihs ont ensuite \u00e9t\u00e9 rendus en deux parties, par les seize jeunes instrumentistes de l&rsquo;orchestre, dont huit musiciennes, agr\u00e9ment\u00e9s de quelques danses alg\u00e9roises ex\u00e9cut\u00e9es simultan\u00e9ment par huit danseurs, dont In\u00e8s Abdelli, Kam\u00e9lia La\u00efhem, Nazim Nimour et le benjamin de l\u2019association, Abderrahmane, \u00e2g\u00e9 de sept ans.<\/p>\n<p>L\u2019orchestre a entonn\u00e9 entre autres pi\u00e8ces, \u00ab\u00a0Ladh\u2019dha li chorb el \u00e2chiya\u00a0\u00bb, \u00ab\u00a0Rachiq el ked\u00a0\u00bb, \u00ab\u00a0El qalb bat sali\u00a0\u00bb, \u00ab\u00a0Selli houmoumek\u00a0\u00bb, \u00ab\u00a0Ah ya bellaredj\u00a0\u00bb, \u00ab\u00a0Rimoun Ramatni\u00a0\u00bb, \u00ab\u00a0Ya qalbi khelli el hal\u00a0\u00bb, \u00ab\u00a0Kahl el \u00e2\u00efn em\u2019deble echfar\u00a0\u00bb, \u00ab\u00a0Ya lawn el \u00e2ssel\u00a0\u00bb, \u00ab\u00a0Hanina haninaya\u00a0\u00bb, \u00ab\u00a0Sifet ech\u2019chem\u2019\u00e2 wel kendil\u00a0\u00bb et \u00ab\u00a0Echqi wegh\u2019rami\u00a0\u00bb.<\/p>\n<p>La beaut\u00e9 des variations modales et rythmiques du hawzi alg\u00e9rois a mis en valeur les voix pr\u00e9sentes et \u00e9toff\u00e9es de, Hind, Chakir, Melissa, Meriem, Hani, Abdelghafour et le jeu juste et r\u00e9gulier du jeune percussionniste (Drabki), Achraf Leghra\u00e2 (14 ans), \u00ab\u00a0promis \u00e0 une belle carri\u00e8re\u00a0\u00bb, selon un amateur de cette musique savante.<\/p>\n<p>L&rsquo;orchestre de l&rsquo;association cr\u00e9\u00e9e en 2016, qui a sorti un an apr\u00e8s,\u00a0\u00bbKisset salaf\u00a0\u00bb (histoire d&rsquo;une rel\u00e8ve), un album de reprises de chansons du patrimoine andalou, a \u00e9t\u00e9 tr\u00e8s applaudi par le public qui a pris part \u00e0 une belle randonn\u00e9e onirique, savourant dans la joie et la d\u00e9lectation tous les moments de la c\u00e9r\u00e9monie.<\/p>\n<p>Convi\u00e9e \u00e0 rejoindre la sc\u00e8ne, \u00e0 l\u2019issue de la c\u00e9r\u00e9monie, Narjess a qualifi\u00e9 les jeunes de l\u2019orchestre \u00ab\u00a0Ahl El Fen\u00a0\u00bb de \u00ab\u00a0belle rel\u00e8ve\u00a0\u00bb et de \u00ab\u00a0garants du futur\u00a0\u00bb de la musique andalouse, avant de voir le directeur g\u00e9n\u00e9ral de l\u2019Onda lui remettre le Troph\u00e9e honorifique de l\u2019office, sous les applaudissements du public.<\/p>\n<p>Pour le plaisir de ses nombreux admirateurs, dont plusieurs com\u00e9diennes et acteurs de cin\u00e9ma qui ont fait le d\u00e9placement et qui l\u2019ont sollicit\u00e9e, Narjess a entonn\u00e9, \u00ab\u00a0Ya men bi el awzar\u00a0\u00bb, \u00ab\u00a0Salet a\u00e2la Mohammed\u00a0\u00bb et \u2018\u2019Echqi wegh\u2019rami\u00a0\u00bb, sous les youyous nourris des femmes pr\u00e9sentes.<\/p>\n<hr>\n<p><em><strong>Lire aussi:\u00a0<\/strong><\/em><a href=\"http:\/\/www.aps.dz\/culture\/89276-djamel-laroussi-ouvre-a-alger-le-20e-festival-culturel-europeen\">Djamel Laroussi ouvre, \u00e0 Alger, le 20e Festival culturel europ\u00e9en<\/a><\/p>\n<hr>\n<p>Originaire de la ville de Cherchell et issue d\u2019une famille conservatrice, Nardjess, Nadia Bouchama de son vrai nom, a d\u00e9but\u00e9 dans une chorale polyphonique, pour qu\u2019en 1973, elle s\u2019essaye \u00e0 l\u2019\u00e9mission radiophonique, \u00ab\u00a0Alhan oua chabab\u00a0\u00bb qu\u2019elle retentera avec succ\u00e8s, une ann\u00e9e plus tard \u00e0 la t\u00e9l\u00e9vision.<\/p>\n<p>Ses premi\u00e8res exp\u00e9riences s\u2019av\u00e9rant concluantes, Narjess int\u00e8gre l\u2019Institut national de musique o\u00f9 elle passera deux ans, jusqu\u2019\u00e0 la fin 1974, date \u00e0 laquelle elle participera, avec la chanson \u00ab\u00a0Sifet el chema\u00e2 wel kendil\u00a0\u00bb, \u00e0 une op\u00e9rette de Mohamed Hilmi, qui la r\u00e9v\u00e9lera au public et qui l\u2019emmen\u00e8ra \u00e0 enregistrer son deuxi\u00e8me album, sous le titre de, \u00ab\u00a0A\u00eeni chakat maa kalbi\u00a0\u00bb.<\/p>\n<p>En 1975, elle est sollicit\u00e9e pour l\u2019inauguration du Casif, Th\u00e9\u00e2tre \u00e0 ciel ouvert de Sidi Fredj, et sort l\u2019album \u00ab\u00a0Addet ad\u2019mou\u00e2\u00ef\u00a0\u00bb, pour encha\u00eener ensuite, les enregistrements \u00e0 la Radio et T\u00e9l\u00e9vision alg\u00e9riennes.<\/p>\n<p>La c\u00e9r\u00e9monie de mise \u00e0 l\u2019honneur de Narjess a \u00e9t\u00e9 organis\u00e9e par l\u2019Onda, en collaboration avec le Tna.<\/p>\n<\/div>\n<\/div>\n<p>Auteur:<br \/>\n<a href=\"http:\/\/www.aps.dz\/culture\/89394-la-chanteuse-narjess-mise-a-l-honneur-par-l-onda-a-alger\">Cliquez ici pour lire l&rsquo;article depuis sa source.<\/a><\/p>\n","protected":false},"excerpt":{"rendered":"<p>ALGER &#8211; Un vibrant hommage a \u00e9t\u00e9 rendu lundi soir \u00e0 Alger, \u00e0 Narjess, ic\u00f4ne de la chanson alg\u00e9roise hawzie-cha\u00e2bie, par l\u2019Office national des droits d\u2019auteurs et droits voisins (Onda), devant un public relativement nombreux. Annonc\u00e9e comme \u00ab\u00a0digne h\u00e9riti\u00e8re de Fadh\u00e9la Dziria et Meriem Fekka\u00ef\u00a0\u00bb, Narjess est apparue en tenue traditionnelle, sur la sc\u00e8ne du [&hellip;]<\/p>\n","protected":false},"author":1790,"featured_media":34207,"comment_status":"closed","ping_status":"closed","sticky":false,"template":"","format":"standard","meta":{"fifu_image_url":"","fifu_image_alt":"","footnotes":""},"categories":[53,79],"tags":[],"class_list":["post-34206","post","type-post","status-publish","format-standard","has-post-thumbnail","hentry","category-algerie","category-culture"],"_links":{"self":[{"href":"https:\/\/linitiative.ca\/International\/wp-json\/wp\/v2\/posts\/34206","targetHints":{"allow":["GET"]}}],"collection":[{"href":"https:\/\/linitiative.ca\/International\/wp-json\/wp\/v2\/posts"}],"about":[{"href":"https:\/\/linitiative.ca\/International\/wp-json\/wp\/v2\/types\/post"}],"author":[{"embeddable":true,"href":"https:\/\/linitiative.ca\/International\/wp-json\/wp\/v2\/users\/1790"}],"replies":[{"embeddable":true,"href":"https:\/\/linitiative.ca\/International\/wp-json\/wp\/v2\/comments?post=34206"}],"version-history":[{"count":0,"href":"https:\/\/linitiative.ca\/International\/wp-json\/wp\/v2\/posts\/34206\/revisions"}],"wp:featuredmedia":[{"embeddable":true,"href":"https:\/\/linitiative.ca\/International\/wp-json\/"}],"wp:attachment":[{"href":"https:\/\/linitiative.ca\/International\/wp-json\/wp\/v2\/media?parent=34206"}],"wp:term":[{"taxonomy":"category","embeddable":true,"href":"https:\/\/linitiative.ca\/International\/wp-json\/wp\/v2\/categories?post=34206"},{"taxonomy":"post_tag","embeddable":true,"href":"https:\/\/linitiative.ca\/International\/wp-json\/wp\/v2\/tags?post=34206"}],"curies":[{"name":"wp","href":"https:\/\/api.w.org\/{rel}","templated":true}]}}