{"id":34211,"date":"2019-05-14T06:00:00","date_gmt":"2019-05-14T10:00:00","guid":{"rendered":"https:\/\/linitiative.ca\/International\/les-engagements-du-p-dg-dalliance-assurances\/"},"modified":"2019-05-14T06:00:00","modified_gmt":"2019-05-14T10:00:00","slug":"les-engagements-du-p-dg-dalliance-assurances","status":"publish","type":"post","link":"https:\/\/linitiative.ca\/International\/les-engagements-du-p-dg-dalliance-assurances\/","title":{"rendered":"Les engagements du P-DG d\u2019Alliance Assurances"},"content":{"rendered":"<div id=\"originalText\" readability=\"75\">\n<p class=\"c10\">Dans une d\u00e9claration de candidature adress\u00e9e aux membres de l\u2019organisation patronale, M. Khelifati indique qu\u2019il a d\u00e9cid\u00e9 \u201csolennellement\u201d de s\u2019engager \u201cdans la n\u00e9cessaire \u0153uvre de redressement, voire de refondation, du Forum des chefs d\u2019entreprise\u201d, en se pr\u00e9sentant aux \u00e9lections pour la pr\u00e9sidence du FCE qui se tiendront le 24 juin prochain. \u201cL\u2019image des chefs d&rsquo;entreprise que nous sommes a \u00e9t\u00e9 s\u00e9rieusement affect\u00e9e, car assimil\u00e9e, bien malgr\u00e9 la majorit\u00e9 d\u2019entre nous, aux abus et travers commis par certains repr\u00e9sentants bien en vue du Forum des chefs d\u2019entreprise. Malheureusement, les postures adopt\u00e9es par la direction de notre association, ces derni\u00e8res ann\u00e9es, y sont pour beaucoup\u201d, \u00e9crit le P-DG d\u2019Alliance Assurances dans sa lettre, soulignant qu\u2019il s\u2019est \u201coppos\u00e9 par \u00e9crit et publiquement\u201d \u00e0 ces incoh\u00e9rences. \u201cJ\u2019\u00e9tais intimement convaincu que la majorit\u00e9 d\u2019entre nous \u00e9tions contre le mode de fonctionnement \u00e9tabli par le pr\u00e9sident sortant et son \u00e9quipe restreinte au sein m\u00eame du conseil ex\u00e9cutif (CE). Ces derniers, dans une confusion d\u2019ambitions malsaines, ont r\u00e9ussi \u00e0 placer le Forum dans une situation fragile et peu cr\u00e9dible\u201d, ajoute le P-DG d\u2019Alliance Assurances.\u00a0<\/p>\n<p class=\"c10\">Pour M. Khelifati, \u201cil est plus que temps de doter la communaut\u00e9 d\u2019affaires d\u2019une repr\u00e9sentation cat\u00e9gorielle digne du r\u00f4le qu\u2019elle est appel\u00e9e \u00e0 endosser dans l\u2019\u00e9conomie nationale en reconstruction pour \u00e9loigner l\u2019image ex\u00e9crable qu\u2019on voudrait lui coller et redresser son image d\u2019honorabilit\u00e9 et de s\u00e9rieux dont on n\u2019aurait jamais d\u00fb s\u2019\u00e9loigner\u201d.\u00a0 Le candidat \u00e0 la pr\u00e9sidence du FCE propose un changement du mode de gouvernance, ainsi qu\u2019une nouvelle organisation impliquant l&rsquo;ensemble des membres. \u201cNous devons clairement afficher et assumer le caract\u00e8re apolitique de notre organisation et mettre en avant le d\u00e9veloppement du pays et de son peuple\u201d, sugg\u00e8re M. Khelifati. Le deuxi\u00e8me aspect de son engagement concerne les immenses d\u00e9fis \u00e9conomiques que le pays devra relever.\u00a0 M. Khelifati s\u2019engage, s\u2019il est \u00e9lu, entre autres, \u201c\u00e0 respecter et faire respecter la stricte neutralit\u00e9 politique du Forum dont le r\u00f4le n\u2019est pas de se mettre \u00e0 la disposition d\u2019un quelconque parti politique\u201d. Le Forum s\u2019interdira toute initiative \u00e0 caract\u00e8re politique (d\u00e9claration de soutien politique, participation financi\u00e8re et\/ou mat\u00e9rielle \u00e0 une quelconque campagne \u00e9lectorale ou tout financement des institutions politiques, etc.).\u00a0<\/p>\n<p class=\"c10\">\u201cLes membres du Forum demeurant, bien entendu, libres de leur engagement politique, mais \u00e0 titre strictement personnel avec interdiction formelle d\u2019engager le Forum\u201d, a pr\u00e9cis\u00e9 le P-DG d\u2019Alliance Assurances. Ce dernier compte ouvrir un large d\u00e9bat impliquant l\u2019ensemble des membres du FCE dans l\u2019option ou non de transformer le FCE en syndicat patronal. Dans ce sillage, les membres se prononceront sur le maintien, le cas \u00e9ch\u00e9ant, de son appellation actuelle.<br \/>\u00a0<\/p>\n<p class=\"c11\"><strong>Meziane Rabhi<\/strong><\/p>\n<\/div>\n<div id=\"text_core\" readability=\"75\">\n<p class=\"c10\">Dans une d\u00e9claration de candidature adress\u00e9e aux membres de l\u2019organisation patronale, M. Khelifati indique qu\u2019il a d\u00e9cid\u00e9 \u201csolennellement\u201d de s\u2019engager \u201cdans la n\u00e9cessaire \u0153uvre de redressement, voire de refondation, du Forum des chefs d\u2019entreprise\u201d, en se pr\u00e9sentant aux \u00e9lections pour la pr\u00e9sidence du FCE qui se tiendront le 24 juin prochain. \u201cL\u2019image des chefs d&rsquo;entreprise que nous sommes a \u00e9t\u00e9 s\u00e9rieusement affect\u00e9e, car assimil\u00e9e, bien malgr\u00e9 la majorit\u00e9 d\u2019entre nous, aux abus et travers commis par certains repr\u00e9sentants bien en vue du Forum des chefs d\u2019entreprise. Malheureusement, les postures adopt\u00e9es par la direction de notre association, ces derni\u00e8res ann\u00e9es, y sont pour beaucoup\u201d, \u00e9crit le P-DG d\u2019Alliance Assurances dans sa lettre, soulignant qu\u2019il s\u2019est \u201coppos\u00e9 par \u00e9crit et publiquement\u201d \u00e0 ces incoh\u00e9rences. \u201cJ\u2019\u00e9tais intimement convaincu que la majorit\u00e9 d\u2019entre nous \u00e9tions contre le mode de fonctionnement \u00e9tabli par le pr\u00e9sident sortant et son \u00e9quipe restreinte au sein m\u00eame du conseil ex\u00e9cutif (CE). Ces derniers, dans une confusion d\u2019ambitions malsaines, ont r\u00e9ussi \u00e0 placer le Forum dans une situation fragile et peu cr\u00e9dible\u201d, ajoute le P-DG d\u2019Alliance Assurances.\u00a0<\/p>\n<p class=\"c10\">Pour M. Khelifati, \u201cil est plus que temps de doter la communaut\u00e9 d\u2019affaires d\u2019une repr\u00e9sentation cat\u00e9gorielle digne du r\u00f4le qu\u2019elle est appel\u00e9e \u00e0 endosser dans l\u2019\u00e9conomie nationale en reconstruction pour \u00e9loigner l\u2019image ex\u00e9crable qu\u2019on voudrait lui coller et redresser son image d\u2019honorabilit\u00e9 et de s\u00e9rieux dont on n\u2019aurait jamais d\u00fb s\u2019\u00e9loigner\u201d.\u00a0 Le candidat \u00e0 la pr\u00e9sidence du FCE propose un changement du mode de gouvernance, ainsi qu\u2019une nouvelle organisation impliquant l&rsquo;ensemble des membres. \u201cNous devons clairement afficher et assumer le caract\u00e8re apolitique de notre organisation et mettre en avant le d\u00e9veloppement du pays et de son peuple\u201d, sugg\u00e8re M. Khelifati. Le deuxi\u00e8me aspect de son engagement concerne les immenses d\u00e9fis \u00e9conomiques que le pays devra relever.\u00a0 M. Khelifati s\u2019engage, s\u2019il est \u00e9lu, entre autres, \u201c\u00e0 respecter et faire respecter la stricte neutralit\u00e9 politique du Forum dont le r\u00f4le n\u2019est pas de se mettre \u00e0 la disposition d\u2019un quelconque parti politique\u201d. Le Forum s\u2019interdira toute initiative \u00e0 caract\u00e8re politique (d\u00e9claration de soutien politique, participation financi\u00e8re et\/ou mat\u00e9rielle \u00e0 une quelconque campagne \u00e9lectorale ou tout financement des institutions politiques, etc.).\u00a0<\/p>\n<p class=\"c10\">\u201cLes membres du Forum demeurant, bien entendu, libres de leur engagement politique, mais \u00e0 titre strictement personnel avec interdiction formelle d\u2019engager le Forum\u201d, a pr\u00e9cis\u00e9 le P-DG d\u2019Alliance Assurances. Ce dernier compte ouvrir un large d\u00e9bat impliquant l\u2019ensemble des membres du FCE dans l\u2019option ou non de transformer le FCE en syndicat patronal. Dans ce sillage, les membres se prononceront sur le maintien, le cas \u00e9ch\u00e9ant, de son appellation actuelle.<br \/>\u00a0<\/p>\n<p class=\"c11\"><strong>Meziane Rabhi<\/strong><\/p>\n<\/div>\n<p>Auteur:<br \/>\n<a href=\"https:\/\/www.liberte-algerie.com\/actualite\/les-engagements-du-p-dg-dalliance-assurances-315785\">Cliquez ici pour lire l&rsquo;article depuis sa source.<\/a><\/p>\n","protected":false},"excerpt":{"rendered":"<p>Dans une d\u00e9claration de candidature adress\u00e9e aux membres de l\u2019organisation patronale, M. Khelifati indique qu\u2019il a d\u00e9cid\u00e9 \u201csolennellement\u201d de s\u2019engager \u201cdans la n\u00e9cessaire \u0153uvre de redressement, voire de refondation, du Forum des chefs d\u2019entreprise\u201d, en se pr\u00e9sentant aux \u00e9lections pour la pr\u00e9sidence du FCE qui se tiendront le 24 juin prochain. \u201cL\u2019image des chefs d&rsquo;entreprise [&hellip;]<\/p>\n","protected":false},"author":1742,"featured_media":0,"comment_status":"closed","ping_status":"closed","sticky":false,"template":"","format":"standard","meta":{"fifu_image_url":"","fifu_image_alt":"","footnotes":""},"categories":[73,53],"tags":[],"class_list":["post-34211","post","type-post","status-publish","format-standard","hentry","category-actualite","category-algerie"],"_links":{"self":[{"href":"https:\/\/linitiative.ca\/International\/wp-json\/wp\/v2\/posts\/34211","targetHints":{"allow":["GET"]}}],"collection":[{"href":"https:\/\/linitiative.ca\/International\/wp-json\/wp\/v2\/posts"}],"about":[{"href":"https:\/\/linitiative.ca\/International\/wp-json\/wp\/v2\/types\/post"}],"author":[{"embeddable":true,"href":"https:\/\/linitiative.ca\/International\/wp-json\/wp\/v2\/users\/1742"}],"replies":[{"embeddable":true,"href":"https:\/\/linitiative.ca\/International\/wp-json\/wp\/v2\/comments?post=34211"}],"version-history":[{"count":0,"href":"https:\/\/linitiative.ca\/International\/wp-json\/wp\/v2\/posts\/34211\/revisions"}],"wp:attachment":[{"href":"https:\/\/linitiative.ca\/International\/wp-json\/wp\/v2\/media?parent=34211"}],"wp:term":[{"taxonomy":"category","embeddable":true,"href":"https:\/\/linitiative.ca\/International\/wp-json\/wp\/v2\/categories?post=34211"},{"taxonomy":"post_tag","embeddable":true,"href":"https:\/\/linitiative.ca\/International\/wp-json\/wp\/v2\/tags?post=34211"}],"curies":[{"name":"wp","href":"https:\/\/api.w.org\/{rel}","templated":true}]}}