{"id":34212,"date":"2019-05-14T06:00:00","date_gmt":"2019-05-14T10:00:00","guid":{"rendered":"https:\/\/linitiative.ca\/International\/protestation-des-travailleurs-licencies\/"},"modified":"2019-05-14T06:00:00","modified_gmt":"2019-05-14T10:00:00","slug":"protestation-des-travailleurs-licencies","status":"publish","type":"post","link":"https:\/\/linitiative.ca\/International\/protestation-des-travailleurs-licencies\/","title":{"rendered":"Protestation des travailleurs licenci\u00e9s"},"content":{"rendered":"<div id=\"originalText\" readability=\"57\">\n<p class=\"c10\">Une trentaine de travailleurs licenci\u00e9s du complexe sid\u00e9rurgique Tosyali de Bethioua ont tenu, hier, un rassemblement de protestation devant le si\u00e8ge de la wilaya d\u2019Oran. Les d\u00e9sormais ex-employ\u00e9s du complexe turc ont voulu d\u00e9noncer la d\u00e9cision de l\u2019administration de les suspendre avant de les licencier de leur poste apr\u00e8s la derni\u00e8re gr\u00e8ve, d\u00e9clench\u00e9e la veille de la fermeture de l\u2019usine, la derni\u00e8re semaine d\u2019avril. Les contestataires se sont rapproch\u00e9s des services du wali d\u2019Oran pour demander une intervention officielle, d\u2019autant plus que lors d\u2019un premier sit-in, organis\u00e9 le 28 avril dernier devant la m\u00eame institution, les travailleurs avaient re\u00e7u des garanties concernant leur maintien \u00e0 leur poste de travail. Si la premi\u00e8re fois, ils ont \u00e9t\u00e9 re\u00e7us par des repr\u00e9sentants du wali, hier, ils ont attendu plus d\u2019une heure sans que personne les re\u00e7oive.<\/p>\n<p class=\"c10\">Pour rappel, une liste de 40 noms, entre repr\u00e9sentants des travailleurs et figures m\u00e9diatiques du mouvement de gr\u00e8ve d\u00e9clench\u00e9 le 25 mars dernier, a \u00e9t\u00e9 \u00e9tablie par les Turcs pour leur proposer un \u201cdivorce\u201d \u00e0 l\u2019amiable. Si certains CDD ont accept\u00e9 la proposition de l\u2019administration, une trentaine d\u2019ouvriers l\u2019ont refus\u00e9e, pr\u00e9f\u00e9rant s\u2019adresser \u00e0 la justice. \u00c0 ce titre, une premi\u00e8re s\u00e9ance de conciliation est pr\u00e9vue \u00e0 l\u2019inspection du Travail entre les licenci\u00e9s et l\u2019administration turque, \u00e9tape n\u00e9cessaire avant le recours au tribunal administratif. Rappelons que Tosyali avait \u00e9teint son four et menac\u00e9 de quitter le pays pour d\u00e9noncer une situation d\u2019ins\u00e9curit\u00e9 au sein du complexe apr\u00e8s le d\u00e9brayage des agents de s\u00e9curit\u00e9. La situation est revenue \u00e0 la normale apr\u00e8s l\u2019intervention d\u2019Alger.<\/p>\n<p class=\"c10\">\u00a0<\/p>\n<p class=\"c11\"><strong>S. O.<\/strong><\/p>\n<\/div>\n<div id=\"text_core\" readability=\"57\">\n<p class=\"c10\">Une trentaine de travailleurs licenci\u00e9s du complexe sid\u00e9rurgique Tosyali de Bethioua ont tenu, hier, un rassemblement de protestation devant le si\u00e8ge de la wilaya d\u2019Oran. Les d\u00e9sormais ex-employ\u00e9s du complexe turc ont voulu d\u00e9noncer la d\u00e9cision de l\u2019administration de les suspendre avant de les licencier de leur poste apr\u00e8s la derni\u00e8re gr\u00e8ve, d\u00e9clench\u00e9e la veille de la fermeture de l\u2019usine, la derni\u00e8re semaine d\u2019avril. Les contestataires se sont rapproch\u00e9s des services du wali d\u2019Oran pour demander une intervention officielle, d\u2019autant plus que lors d\u2019un premier sit-in, organis\u00e9 le 28 avril dernier devant la m\u00eame institution, les travailleurs avaient re\u00e7u des garanties concernant leur maintien \u00e0 leur poste de travail. Si la premi\u00e8re fois, ils ont \u00e9t\u00e9 re\u00e7us par des repr\u00e9sentants du wali, hier, ils ont attendu plus d\u2019une heure sans que personne les re\u00e7oive.<\/p>\n<p class=\"c10\">Pour rappel, une liste de 40 noms, entre repr\u00e9sentants des travailleurs et figures m\u00e9diatiques du mouvement de gr\u00e8ve d\u00e9clench\u00e9 le 25 mars dernier, a \u00e9t\u00e9 \u00e9tablie par les Turcs pour leur proposer un \u201cdivorce\u201d \u00e0 l\u2019amiable. Si certains CDD ont accept\u00e9 la proposition de l\u2019administration, une trentaine d\u2019ouvriers l\u2019ont refus\u00e9e, pr\u00e9f\u00e9rant s\u2019adresser \u00e0 la justice. \u00c0 ce titre, une premi\u00e8re s\u00e9ance de conciliation est pr\u00e9vue \u00e0 l\u2019inspection du Travail entre les licenci\u00e9s et l\u2019administration turque, \u00e9tape n\u00e9cessaire avant le recours au tribunal administratif. Rappelons que Tosyali avait \u00e9teint son four et menac\u00e9 de quitter le pays pour d\u00e9noncer une situation d\u2019ins\u00e9curit\u00e9 au sein du complexe apr\u00e8s le d\u00e9brayage des agents de s\u00e9curit\u00e9. La situation est revenue \u00e0 la normale apr\u00e8s l\u2019intervention d\u2019Alger.<\/p>\n<p class=\"c10\">\u00a0<\/p>\n<p class=\"c11\"><strong>S. O.<\/strong><\/p>\n<\/div>\n<p>Auteur:<br \/>\n<a href=\"https:\/\/www.liberte-algerie.com\/actualite\/protestation-des-travailleurs-licencies-315784\">Cliquez ici pour lire l&rsquo;article depuis sa source.<\/a><\/p>\n","protected":false},"excerpt":{"rendered":"<p>Une trentaine de travailleurs licenci\u00e9s du complexe sid\u00e9rurgique Tosyali de Bethioua ont tenu, hier, un rassemblement de protestation devant le si\u00e8ge de la wilaya d\u2019Oran. Les d\u00e9sormais ex-employ\u00e9s du complexe turc ont voulu d\u00e9noncer la d\u00e9cision de l\u2019administration de les suspendre avant de les licencier de leur poste apr\u00e8s la derni\u00e8re gr\u00e8ve, d\u00e9clench\u00e9e la veille [&hellip;]<\/p>\n","protected":false},"author":1742,"featured_media":0,"comment_status":"closed","ping_status":"closed","sticky":false,"template":"","format":"standard","meta":{"fifu_image_url":"","fifu_image_alt":"","footnotes":""},"categories":[73,53],"tags":[],"class_list":["post-34212","post","type-post","status-publish","format-standard","hentry","category-actualite","category-algerie"],"_links":{"self":[{"href":"https:\/\/linitiative.ca\/International\/wp-json\/wp\/v2\/posts\/34212","targetHints":{"allow":["GET"]}}],"collection":[{"href":"https:\/\/linitiative.ca\/International\/wp-json\/wp\/v2\/posts"}],"about":[{"href":"https:\/\/linitiative.ca\/International\/wp-json\/wp\/v2\/types\/post"}],"author":[{"embeddable":true,"href":"https:\/\/linitiative.ca\/International\/wp-json\/wp\/v2\/users\/1742"}],"replies":[{"embeddable":true,"href":"https:\/\/linitiative.ca\/International\/wp-json\/wp\/v2\/comments?post=34212"}],"version-history":[{"count":0,"href":"https:\/\/linitiative.ca\/International\/wp-json\/wp\/v2\/posts\/34212\/revisions"}],"wp:attachment":[{"href":"https:\/\/linitiative.ca\/International\/wp-json\/wp\/v2\/media?parent=34212"}],"wp:term":[{"taxonomy":"category","embeddable":true,"href":"https:\/\/linitiative.ca\/International\/wp-json\/wp\/v2\/categories?post=34212"},{"taxonomy":"post_tag","embeddable":true,"href":"https:\/\/linitiative.ca\/International\/wp-json\/wp\/v2\/tags?post=34212"}],"curies":[{"name":"wp","href":"https:\/\/api.w.org\/{rel}","templated":true}]}}