{"id":34220,"date":"2019-05-13T21:04:36","date_gmt":"2019-05-14T01:04:36","guid":{"rendered":"https:\/\/linitiative.ca\/International\/lau-del-kelaa-des-sraghna-rhamna-adopte-une-nouvelle-approche-pour-le-traitement-des-questions-durbanisme\/"},"modified":"2019-05-13T21:04:36","modified_gmt":"2019-05-14T01:04:36","slug":"lau-del-kelaa-des-sraghna-rhamna-adopte-une-nouvelle-approche-pour-le-traitement-des-questions-durbanisme","status":"publish","type":"post","link":"https:\/\/linitiative.ca\/International\/lau-del-kelaa-des-sraghna-rhamna-adopte-une-nouvelle-approche-pour-le-traitement-des-questions-durbanisme\/","title":{"rendered":"L\u2019AU d\u2019El Kela\u00e2 des Sraghna-Rhamna adopte une nouvelle approche pour le traitement des questions d\u2019urbanisme"},"content":{"rendered":"<div class=\"single-featured\"><img alt=\"\" data-src=\"http:\/\/www.mapmarrakech.ma\/map\/uploads\/2019\/05\/agenceurbainekelaa-copier.jpg\"\/><\/div>\n<div class=\"single-post-excerpt post-excerpt-bc\" readability=\"38\">\n<p>El Kela\u00e2 des Sraghna \u2013 L\u2019Agence urbaine d\u2019El Kela\u00e2 des Sraghna-Rhamna a adopt\u00e9, dans le cadre de son plan d\u2019action au titre de l\u2019ann\u00e9e en cours, une nouvelle approche territoriale pour le traitement des questions et probl\u00e9matiques inh\u00e9rentes au secteur de l\u2019urbanisme au niveau de son champ d\u2019intervention et ce, en cons\u00e9cration de sa m\u00e9thodologie de travail visant la promotion et l\u2019accompagnement de la mise \u00e0 niveau des milieux ruraux et urbains.<\/p>\n<\/div>\n<div class=\"entry-content clearfix single-post-content\" readability=\"69\">\n<p>A travers cette approche, il a \u00e9t\u00e9 proc\u00e9d\u00e9 \u00e0 la mise en place d\u2019une vision reposant sur le principe de la qualit\u00e9 de gestion en vue d\u2019un d\u00e9veloppement durable fond\u00e9 sur la contractualisation et le partenariat avec les differents acteurs, souligne un document de l\u2019Agence publi\u00e9 en marge de son 11\u00e8 conseil d\u2019administration, tenu r\u00e9cemment.<\/p>\n<p>Ainsi, l\u2019\u00e9tablissement a \u00e9labor\u00e9 un programme d\u2019action 2019 ambitieux qui tend \u00e0 acc\u00e9l\u00e9rer la finalisation des documents au stade d\u2019homologation et \u00e0 renforcer la cadence de r\u00e9alisation des \u00e9tudes en cours, poursuit la m\u00eame source.<\/p>\n<p>Ce plan d\u2019action, pr\u00e9sent\u00e9 lors de cette r\u00e9union, pr\u00e9voit l\u2019homologation de 15 documents d\u2019urbanisme, la transformation de 8 autres documents relatifs \u00e0 des \u00e9tudes de plans de d\u00e9veloppement en des \u00e9tudes de plans d\u2019am\u00e9nagement, la r\u00e9alisation d\u2019\u00e9tudes de restructuration des quartiers et douars sous-\u00e9quip\u00e9s, outre l\u2019identification des agglom\u00e9rations situ\u00e9es au sein des circuits irrigu\u00e9s pour surmonter les difficult\u00e9s qui se dressent devant les op\u00e9rations de construction dans ces zones.<\/p>\n<p>L\u2019agence a \u00e9galement mis en place un plan d\u2019action pr\u00e9visionnel 2020-2021 en vue d\u2019am\u00e9liorer l\u2019efficience et l\u2019efficacit\u00e9 sur les plans op\u00e9rationnel, social et environnemental en vue de r\u00e9pondre \u00e0 la demande locale et aux attentes des partenaires publics et priv\u00e9s.<\/p>\n<p>Ce programme pr\u00e9visionnel s\u2019articule autour de la r\u00e9alisation et du suivi des documents d\u2019urbanisme en cours d\u2019\u00e9tude et d\u2019homologation, l\u2019actualisation des documents d\u2019urbanisme arriv\u00e9s \u00e0 terme et la programmation d\u2019une s\u00e9rie d\u2019\u00e9tudes pour la mise \u00e0 niveau du territoire et l\u2019am\u00e9lioration du paysage urbain.<\/p>\n<p>A noter que le taux de couverture en documents d\u2019urbanisme au niveau du ressort territorial de l\u2019Agence urbaine d\u2019El Kela\u00e2 des Sraghna-Rhamna a atteint 94,1% en 2018.<\/p>\n<\/div>\n<p>Auteur: Meriem IGASS<br \/>\n<a href=\"http:\/\/www.mapmarrakech.ma\/fr\/lau-del-kelaa-des-sraghna-rhamna-adopte-une-nouvelle-approche-pour-le-traitement-des-questions-durbanisme\/\">Cliquez ici pour lire l&rsquo;article depuis sa source.<\/a><\/p>\n","protected":false},"excerpt":{"rendered":"<p>El Kela\u00e2 des Sraghna \u2013 L\u2019Agence urbaine d\u2019El Kela\u00e2 des Sraghna-Rhamna a adopt\u00e9, dans le cadre de son plan d\u2019action au titre de l\u2019ann\u00e9e en cours, une nouvelle approche territoriale pour le traitement des questions et probl\u00e9matiques inh\u00e9rentes au secteur de l\u2019urbanisme au niveau de son champ d\u2019intervention et ce, en cons\u00e9cration de sa m\u00e9thodologie [&hellip;]<\/p>\n","protected":false},"author":1788,"featured_media":34221,"comment_status":"closed","ping_status":"closed","sticky":false,"template":"","format":"standard","meta":{"fifu_image_url":"","fifu_image_alt":"","footnotes":""},"categories":[54,76],"tags":[],"class_list":["post-34220","post","type-post","status-publish","format-standard","has-post-thumbnail","hentry","category-maroc","category-regions"],"_links":{"self":[{"href":"https:\/\/linitiative.ca\/International\/wp-json\/wp\/v2\/posts\/34220","targetHints":{"allow":["GET"]}}],"collection":[{"href":"https:\/\/linitiative.ca\/International\/wp-json\/wp\/v2\/posts"}],"about":[{"href":"https:\/\/linitiative.ca\/International\/wp-json\/wp\/v2\/types\/post"}],"author":[{"embeddable":true,"href":"https:\/\/linitiative.ca\/International\/wp-json\/wp\/v2\/users\/1788"}],"replies":[{"embeddable":true,"href":"https:\/\/linitiative.ca\/International\/wp-json\/wp\/v2\/comments?post=34220"}],"version-history":[{"count":0,"href":"https:\/\/linitiative.ca\/International\/wp-json\/wp\/v2\/posts\/34220\/revisions"}],"wp:featuredmedia":[{"embeddable":true,"href":"https:\/\/linitiative.ca\/International\/wp-json\/"}],"wp:attachment":[{"href":"https:\/\/linitiative.ca\/International\/wp-json\/wp\/v2\/media?parent=34220"}],"wp:term":[{"taxonomy":"category","embeddable":true,"href":"https:\/\/linitiative.ca\/International\/wp-json\/wp\/v2\/categories?post=34220"},{"taxonomy":"post_tag","embeddable":true,"href":"https:\/\/linitiative.ca\/International\/wp-json\/wp\/v2\/tags?post=34220"}],"curies":[{"name":"wp","href":"https:\/\/api.w.org\/{rel}","templated":true}]}}