{"id":34229,"date":"2019-05-14T10:36:41","date_gmt":"2019-05-14T14:36:41","guid":{"rendered":"https:\/\/linitiative.ca\/International\/logements-aadl-a-adrar-tirage-au-sort-pour-la-localisation-des-beneficiaires\/"},"modified":"2019-05-14T10:36:41","modified_gmt":"2019-05-14T14:36:41","slug":"logements-aadl-a-adrar-tirage-au-sort-pour-la-localisation-des-beneficiaires","status":"publish","type":"post","link":"https:\/\/linitiative.ca\/International\/logements-aadl-a-adrar-tirage-au-sort-pour-la-localisation-des-beneficiaires\/","title":{"rendered":"Logements AADL \u00e0 Adrar: tirage au sort pour la localisation des b\u00e9n\u00e9ficiaires"},"content":{"rendered":"<div>\n<div class=\"K2FeedImage\"><img decoding=\"async\" src=\"http:\/\/www.aps.dz\/media\/k2\/items\/cache\/821346e6ed705e38f204eeafa20276ce_S.jpg\" alt=\"Logements AADL \u00e0 Adrar: tirage au sort pour la localisation des b\u00e9n\u00e9ficiaires\"><\/div>\n<div class=\"K2FeedIntroText\">\n<p><strong>ADRAR &#8211; L\u2019op\u00e9ration de localisation de 162 b\u00e9n\u00e9ficiaires de logements finalis\u00e9s du programme AADL, sur un total de 320 unit\u00e9s, a fait l\u2019objet d\u2019un tirage au sort \u00e0 la maison de la Culture d\u2019Adrar.<\/strong><\/p>\n<\/div>\n<div class=\"K2FeedFullText\">\n<p>Le tirage au sort, qui s\u2019est d\u00e9roul\u00e9e en pr\u00e9sence des responsables du secteur, a concern\u00e9 les souscripteurs ayant vers\u00e9 la quatri\u00e8me et derni\u00e8re tranche de leur logement.<\/p>\n<blockquote>\n<p><em><strong>La localisation des b\u00e9n\u00e9ficiaires restant de ce programme de 320 logements AADL, s\u2019effectuera une fois achev\u00e9es les proc\u00e9dures administratives et financi\u00e8res avec la Direction r\u00e9gionale de l\u2019Agence d\u2019am\u00e9lioration et de d\u00e9veloppement du logement (AADL) bas\u00e9e \u00e0 Oran, selon les services de la direction de l\u2019Habitat.<\/strong><\/em><\/p>\n<\/blockquote>\n<p>Une autre tranche de 110 unit\u00e9s de m\u00eame type accord\u00e9e \u00e0 la wilaya est en cours de r\u00e9alisation au chef lieu de wilaya \u00e9galement et a atteint un avancement de 50% de ses travaux. Ce qui porte le total de ce programme d\u2019habitat accord\u00e9 \u00e0 la wilaya \u00e0 430 unit\u00e9s, selon la m\u00eame source.<\/p>\n<\/div>\n<\/div>\n<p>Auteur:<br \/>\n<a href=\"http:\/\/www.aps.dz\/regions\/89413-logements-aadl-a-adrar-tirage-au-sort-pour-la-localisation-des-beneficiaires\">Cliquez ici pour lire l&rsquo;article depuis sa source.<\/a><\/p>\n","protected":false},"excerpt":{"rendered":"<p>ADRAR &#8211; L\u2019op\u00e9ration de localisation de 162 b\u00e9n\u00e9ficiaires de logements finalis\u00e9s du programme AADL, sur un total de 320 unit\u00e9s, a fait l\u2019objet d\u2019un tirage au sort \u00e0 la maison de la Culture d\u2019Adrar. Le tirage au sort, qui s\u2019est d\u00e9roul\u00e9e en pr\u00e9sence des responsables du secteur, a concern\u00e9 les souscripteurs ayant vers\u00e9 la quatri\u00e8me [&hellip;]<\/p>\n","protected":false},"author":1790,"featured_media":34230,"comment_status":"closed","ping_status":"closed","sticky":false,"template":"","format":"standard","meta":{"fifu_image_url":"","fifu_image_alt":"","footnotes":""},"categories":[53,76],"tags":[],"class_list":["post-34229","post","type-post","status-publish","format-standard","has-post-thumbnail","hentry","category-algerie","category-regions"],"_links":{"self":[{"href":"https:\/\/linitiative.ca\/International\/wp-json\/wp\/v2\/posts\/34229","targetHints":{"allow":["GET"]}}],"collection":[{"href":"https:\/\/linitiative.ca\/International\/wp-json\/wp\/v2\/posts"}],"about":[{"href":"https:\/\/linitiative.ca\/International\/wp-json\/wp\/v2\/types\/post"}],"author":[{"embeddable":true,"href":"https:\/\/linitiative.ca\/International\/wp-json\/wp\/v2\/users\/1790"}],"replies":[{"embeddable":true,"href":"https:\/\/linitiative.ca\/International\/wp-json\/wp\/v2\/comments?post=34229"}],"version-history":[{"count":0,"href":"https:\/\/linitiative.ca\/International\/wp-json\/wp\/v2\/posts\/34229\/revisions"}],"wp:featuredmedia":[{"embeddable":true,"href":"https:\/\/linitiative.ca\/International\/wp-json\/"}],"wp:attachment":[{"href":"https:\/\/linitiative.ca\/International\/wp-json\/wp\/v2\/media?parent=34229"}],"wp:term":[{"taxonomy":"category","embeddable":true,"href":"https:\/\/linitiative.ca\/International\/wp-json\/wp\/v2\/categories?post=34229"},{"taxonomy":"post_tag","embeddable":true,"href":"https:\/\/linitiative.ca\/International\/wp-json\/wp\/v2\/tags?post=34229"}],"curies":[{"name":"wp","href":"https:\/\/api.w.org\/{rel}","templated":true}]}}