{"id":34233,"date":"2019-05-13T16:04:11","date_gmt":"2019-05-13T20:04:11","guid":{"rendered":"https:\/\/linitiative.ca\/International\/arrestation-dun-individu-soupconne-de-trafic-dune-grande-quantite-de-bombes-lacrymogenes-et-de-telephones-portables\/"},"modified":"2019-05-13T16:04:11","modified_gmt":"2019-05-13T20:04:11","slug":"arrestation-dun-individu-soupconne-de-trafic-dune-grande-quantite-de-bombes-lacrymogenes-et-de-telephones-portables","status":"publish","type":"post","link":"https:\/\/linitiative.ca\/International\/arrestation-dun-individu-soupconne-de-trafic-dune-grande-quantite-de-bombes-lacrymogenes-et-de-telephones-portables\/","title":{"rendered":"Arrestation d\u2019un individu soup\u00e7onn\u00e9 de trafic d\u2019une grande quantit\u00e9 de bombes lacrymog\u00e8nes et de t\u00e9l\u00e9phones portables"},"content":{"rendered":"<div class=\"single-featured\"><img alt=\"\" data-src=\"http:\/\/www.mapoujda.ma\/map\/uploads\/2018\/12\/Arrestation-DGSN-1.jpg\"\/><\/div>\n<div class=\"single-post-excerpt post-excerpt-bc\" readability=\"37\">\n<p>Le service pr\u00e9fectoral de la police judiciaire d\u2019Oujda a arr\u00eat\u00e9, lundi, un individu de 44 ans, soup\u00e7onn\u00e9 d\u2019implication dans une affaire de trafic d\u2019une grande quantit\u00e9 de bombes lacrymog\u00e8nes et de t\u00e9l\u00e9phones portables.<\/p>\n<\/div>\n<div class=\"entry-content clearfix single-post-content\" readability=\"53\">\n<p>Les services de police au niveau du port de Nador avaient saisi, le 10 courant, une marchandise non accompagn\u00e9e \u00e0 bord d\u2019une voiture de transport en provenance de France, indique un communiqu\u00e9 de la Direction g\u00e9n\u00e9rale de la s\u00fbret\u00e9 nationale (DGSN), faisant \u00e9tat de la d\u00e9couverte \u00e0 l\u2019int\u00e9rieur du v\u00e9hicule de 100 t\u00e9l\u00e9phones portables de diff\u00e9rentes marques et de 96 bombes\u00a0lacrymog\u00e8nes.<\/p>\n<p>La police judiciaire de Nador a ouvert une enqu\u00eate avec le conducteur de la voiture saisie sous la supervision du parquet comp\u00e9tent, avant d\u2019appr\u00e9hender le principal suspect en flagrant d\u00e9lit de r\u00e9ceptionner la marchandise au niveau du si\u00e8ge d\u2019une agence de voyage \u00e0 Oujda, pr\u00e9cise la DGSN dans un communiqu\u00e9.<\/p>\n<p>Le mis en cause a \u00e9t\u00e9 soumis \u00e0 une enqu\u00eate judiciaire sur fond de l\u2019enqu\u00eate men\u00e9e sur cette affaire, dans l\u2019attente de le d\u00e9ferrer, aux c\u00f4t\u00e9s du conducteur de la voiture, devant le parquet comp\u00e9tent.<\/p>\n<\/div>\n<p>Auteur: Soufiane ELAHMAR<br \/>\n<a href=\"http:\/\/www.mapoujda.ma\/fr\/arrestation-dun-individu-soupconne-de-trafic-dune-grande-quantite-de-bombes-lacrymogenes-et-de-telephones-portables\/\">Cliquez ici pour lire l&rsquo;article depuis sa source.<\/a><\/p>\n","protected":false},"excerpt":{"rendered":"<p>Le service pr\u00e9fectoral de la police judiciaire d\u2019Oujda a arr\u00eat\u00e9, lundi, un individu de 44 ans, soup\u00e7onn\u00e9 d\u2019implication dans une affaire de trafic d\u2019une grande quantit\u00e9 de bombes lacrymog\u00e8nes et de t\u00e9l\u00e9phones portables. Les services de police au niveau du port de Nador avaient saisi, le 10 courant, une marchandise non accompagn\u00e9e \u00e0 bord d\u2019une [&hellip;]<\/p>\n","protected":false},"author":1788,"featured_media":34234,"comment_status":"closed","ping_status":"closed","sticky":false,"template":"","format":"standard","meta":{"fifu_image_url":"","fifu_image_alt":"","footnotes":""},"categories":[54,76],"tags":[],"class_list":["post-34233","post","type-post","status-publish","format-standard","has-post-thumbnail","hentry","category-maroc","category-regions"],"_links":{"self":[{"href":"https:\/\/linitiative.ca\/International\/wp-json\/wp\/v2\/posts\/34233","targetHints":{"allow":["GET"]}}],"collection":[{"href":"https:\/\/linitiative.ca\/International\/wp-json\/wp\/v2\/posts"}],"about":[{"href":"https:\/\/linitiative.ca\/International\/wp-json\/wp\/v2\/types\/post"}],"author":[{"embeddable":true,"href":"https:\/\/linitiative.ca\/International\/wp-json\/wp\/v2\/users\/1788"}],"replies":[{"embeddable":true,"href":"https:\/\/linitiative.ca\/International\/wp-json\/wp\/v2\/comments?post=34233"}],"version-history":[{"count":0,"href":"https:\/\/linitiative.ca\/International\/wp-json\/wp\/v2\/posts\/34233\/revisions"}],"wp:featuredmedia":[{"embeddable":true,"href":"https:\/\/linitiative.ca\/International\/wp-json\/"}],"wp:attachment":[{"href":"https:\/\/linitiative.ca\/International\/wp-json\/wp\/v2\/media?parent=34233"}],"wp:term":[{"taxonomy":"category","embeddable":true,"href":"https:\/\/linitiative.ca\/International\/wp-json\/wp\/v2\/categories?post=34233"},{"taxonomy":"post_tag","embeddable":true,"href":"https:\/\/linitiative.ca\/International\/wp-json\/wp\/v2\/tags?post=34233"}],"curies":[{"name":"wp","href":"https:\/\/api.w.org\/{rel}","templated":true}]}}