{"id":34235,"date":"2019-05-13T17:38:29","date_gmt":"2019-05-13T21:38:29","guid":{"rendered":"https:\/\/linitiative.ca\/International\/suspension-par-la-caf-de-trois-joueurs-tunisiens-pour-4-matchs\/"},"modified":"2019-05-13T17:38:29","modified_gmt":"2019-05-13T21:38:29","slug":"suspension-par-la-caf-de-trois-joueurs-tunisiens-pour-4-matchs","status":"publish","type":"post","link":"https:\/\/linitiative.ca\/International\/suspension-par-la-caf-de-trois-joueurs-tunisiens-pour-4-matchs\/","title":{"rendered":"Suspension par la CAF de trois joueurs tunisiens pour 4 matchs"},"content":{"rendered":"<div class=\"single-featured\"><img alt=\"\" data-src=\"http:\/\/www.mapoujda.ma\/map\/uploads\/2019\/03\/\u0643\u0623\u0633-\u0627\u0644\u0643\u0648\u0646\u0641\u062f\u0631\u0627\u0644\u064a\u0629-\u0627\u0644\u0625\u0641\u0631\u064a\u0642\u064a\u0629-\u0644\u0643\u0631\u0629-\u0627\u0644\u0642\u062f\u0645.jpg\"\/><\/div>\n<div class=\"single-post-excerpt post-excerpt-bc\" readability=\"39\">\n<p>La Conf\u00e9d\u00e9ration Africaine de Football (CAF) a suspendu, lundi, trois joueurs du Club Sportif sfaxien pour quatre matches des comp\u00e9titions africaines dont un avec sursis, et ce suite aux \u00e9v\u00e8nements survenus lors du match face \u00e0 la Renaissance sportive de Berkane, comptant pour les demi-finales retour de la coupe de la CAF.<\/p>\n<\/div>\n<div class=\"entry-content clearfix single-post-content\" readability=\"46\">\n<p>La d\u00e9cision de suspendre les joueurs Wassim Hnid, Houssem Dagdoug et Aymen Herzi a \u00e9t\u00e9 prise par la commission de discipline de la Conf\u00e9d\u00e9ration.<\/p>\n<p>La CAF, cit\u00e9e par l\u2019agence de presse \u00ab\u00a0TAP\u00a0\u00bb, a \u00e9galement d\u00e9cid\u00e9 d\u2019infliger au club sfaxien une amende de 40.000 dollars, \u00e0 r\u00e9gler dans un d\u00e9lai de 60 jours, et six matches d\u2019interdiction de banc pour l\u2019entraineur adjoint Mahmoud Masmoudi et l\u2019accompagnateur de l\u2019\u00e9quipe Karim Ghorbel.<\/p>\n<p>Le CS Sfaxien a \u00e9t\u00e9 \u00e9limin\u00e9 des demi-finales de la coupe de la CAF apr\u00e8s sa d\u00e9faite face \u00e0 la RS Berkane (0-3) en demi-finale retour (aller 2-0).<\/p>\n<\/div>\n<p>Auteur: Soufiane ELAHMAR<br \/>\n<a href=\"http:\/\/www.mapoujda.ma\/fr\/coupe-de-la-caf-suspension-par-la-caf-de-trois-joueurs-tunisiens-pour-4-matchs\/\">Cliquez ici pour lire l&rsquo;article depuis sa source.<\/a><\/p>\n","protected":false},"excerpt":{"rendered":"<p>La Conf\u00e9d\u00e9ration Africaine de Football (CAF) a suspendu, lundi, trois joueurs du Club Sportif sfaxien pour quatre matches des comp\u00e9titions africaines dont un avec sursis, et ce suite aux \u00e9v\u00e8nements survenus lors du match face \u00e0 la Renaissance sportive de Berkane, comptant pour les demi-finales retour de la coupe de la CAF. La d\u00e9cision de [&hellip;]<\/p>\n","protected":false},"author":1788,"featured_media":34236,"comment_status":"closed","ping_status":"closed","sticky":false,"template":"","format":"standard","meta":{"fifu_image_url":"","fifu_image_alt":"","footnotes":""},"categories":[54,76],"tags":[],"class_list":["post-34235","post","type-post","status-publish","format-standard","has-post-thumbnail","hentry","category-maroc","category-regions"],"_links":{"self":[{"href":"https:\/\/linitiative.ca\/International\/wp-json\/wp\/v2\/posts\/34235","targetHints":{"allow":["GET"]}}],"collection":[{"href":"https:\/\/linitiative.ca\/International\/wp-json\/wp\/v2\/posts"}],"about":[{"href":"https:\/\/linitiative.ca\/International\/wp-json\/wp\/v2\/types\/post"}],"author":[{"embeddable":true,"href":"https:\/\/linitiative.ca\/International\/wp-json\/wp\/v2\/users\/1788"}],"replies":[{"embeddable":true,"href":"https:\/\/linitiative.ca\/International\/wp-json\/wp\/v2\/comments?post=34235"}],"version-history":[{"count":0,"href":"https:\/\/linitiative.ca\/International\/wp-json\/wp\/v2\/posts\/34235\/revisions"}],"wp:featuredmedia":[{"embeddable":true,"href":"https:\/\/linitiative.ca\/International\/wp-json\/"}],"wp:attachment":[{"href":"https:\/\/linitiative.ca\/International\/wp-json\/wp\/v2\/media?parent=34235"}],"wp:term":[{"taxonomy":"category","embeddable":true,"href":"https:\/\/linitiative.ca\/International\/wp-json\/wp\/v2\/categories?post=34235"},{"taxonomy":"post_tag","embeddable":true,"href":"https:\/\/linitiative.ca\/International\/wp-json\/wp\/v2\/tags?post=34235"}],"curies":[{"name":"wp","href":"https:\/\/api.w.org\/{rel}","templated":true}]}}